{"id":5987,"date":"2019-12-30T13:56:01","date_gmt":"2019-12-30T16:56:01","guid":{"rendered":"https:\/\/tacuarembo.gub.uy\/?p=5987"},"modified":"2020-02-06T16:23:57","modified_gmt":"2020-02-06T19:23:57","slug":"vecinos-agradecen-y-acompanan-al-intendente-en-la-inauguracion-del-reacondicionamiento-de-los-barrios-licandro-el-patio-nunez-y-montevideo","status":"publish","type":"post","link":"https:\/\/tacuarembo.gub.uy\/?p=5987","title":{"rendered":"Vecinos agradecen y acompa\u00f1an al intendente en la Inauguraci\u00f3n del reacondicionamiento de los Barrios Licandro, El Patio, N\u00fa\u00f1ez y Montevideo"},"content":{"rendered":"\n<p>Con una inversi\u00f3n de 44 millones de pesos qued\u00f3 inaugurada la obra, con una mejora de calles que cuentan con pavimento nuevo en 77 cuadras, en otras se sustituy\u00f3 desde las bases, se agreg\u00f3 carpeta asf\u00e1ltica, se hizo cord\u00f3n cuneta, badenes, bocas tormenta, c\u00e1maras de inspecci\u00f3n, ca\u00f1os de hormig\u00f3n, reconstrucci\u00f3n de otras bocas de tormenta existentes y tambi\u00e9n abastecimiento de OSE en calle Escayola. Mejora tu calle, Mejora tu barrio esa es la consigna que viene impulsando el intendente departamental Dr. Eber Da Rosa, apuntando a mejorar la calidad de vida de los vecinos. Se\u00f1al\u00f3 que junto con la Oficina de Planeamiento y Presupuesto a trav\u00e9s del FDI (Fondo de Desarrollo del Interior), se impuls\u00f3 este trabajo, en gran parte exist\u00eda un pavimento con m\u00e1s de 30 a\u00f1os y que en otras zonas se contaba con un perfil rural que se fue urbanizando hasta llegar a esta actualidad, totalizando 77 cuadras y 2600 metros de cord\u00f3n cuneta m\u00e1s toda la mejora de la infraestructura que engloba el monto que mencion\u00e1bamos al comienzo y esta parte de la ciudad viene creciendo con un desarrollo educativo, como la Escuela Agraria y el Polo Tecnol\u00f3gico. A todo esto, debemos se\u00f1alar que se han forestado unos 500 \u00e1rboles en esta amplia zona de la ciudad, para darle un toque verde para embellecer y que los vecinos puedan tener sombra.<\/p>\n\n\n\n<iframe loading=\"lazy\" src=\"https:\/\/www.youtube.com\/embed\/bbE4d1SBvVE\" allow=\"accelerometer; autoplay; encrypted-media; gyroscope; picture-in-picture\" allowfullscreen=\"\" width=\"729\" height=\"410\" frameborder=\"0\"><\/iframe>\n\n\n\n<figure class=\"wp-block-image\"><img loading=\"lazy\" decoding=\"async\" width=\"800\" height=\"420\" src=\"https:\/\/tacuarembo.gub.uy\/wp-content\/uploads\/WhatsApp-Image-2019-12-30-at-13.47.28-800x420.jpeg\" alt=\"\" class=\"wp-image-5990\"\/><\/figure>\n\n\n\n<figure class=\"wp-block-image size-large\"><img loading=\"lazy\" decoding=\"async\" width=\"800\" height=\"420\" src=\"https:\/\/tacuarembo.gub.uy\/wp-content\/uploads\/WhatsApp-Image-2019-12-30-at-13.47.24-800x420.jpeg\" alt=\"\" class=\"wp-image-5991\"\/><\/figure>\n\n\n\n<figure class=\"wp-block-image size-large\"><img loading=\"lazy\" decoding=\"async\" width=\"800\" height=\"420\" src=\"https:\/\/tacuarembo.gub.uy\/wp-content\/uploads\/WhatsApp-Image-2019-12-30-at-13.47.17-800x420.jpeg\" alt=\"\" class=\"wp-image-5992\"\/><\/figure>\n\n\n\n<figure class=\"wp-block-image size-large\"><img loading=\"lazy\" decoding=\"async\" width=\"800\" height=\"420\" src=\"https:\/\/tacuarembo.gub.uy\/wp-content\/uploads\/WhatsApp-Image-2019-12-30-at-13.47.11-800x420.jpeg\" alt=\"\" class=\"wp-image-5994\"\/><\/figure>\n","protected":false},"excerpt":{"rendered":"<p>Mejora tu barrio esa es la consigna que viene impulsando el intendente departamental Dr. Eber Da Rosa, apuntando a mejorar la calidad de vida de los vecinos<\/p>\n","protected":false},"author":3,"featured_media":5992,"comment_status":"open","ping_status":"open","sticky":false,"template":"","format":"standard","meta":{"_eb_attr":"","footnotes":""},"categories":[16],"tags":[],"class_list":{"0":"post-5987","1":"post","2":"type-post","3":"status-publish","4":"format-standard","5":"has-post-thumbnail","7":"category-noticias"},"_links":{"self":[{"href":"https:\/\/tacuarembo.gub.uy\/index.php?rest_route=\/wp\/v2\/posts\/5987","targetHints":{"allow":["GET"]}}],"collection":[{"href":"https:\/\/tacuarembo.gub.uy\/index.php?rest_route=\/wp\/v2\/posts"}],"about":[{"href":"https:\/\/tacuarembo.gub.uy\/index.php?rest_route=\/wp\/v2\/types\/post"}],"author":[{"embeddable":true,"href":"https:\/\/tacuarembo.gub.uy\/index.php?rest_route=\/wp\/v2\/users\/3"}],"replies":[{"embeddable":true,"href":"https:\/\/tacuarembo.gub.uy\/index.php?rest_route=%2Fwp%2Fv2%2Fcomments&post=5987"}],"version-history":[{"count":4,"href":"https:\/\/tacuarembo.gub.uy\/index.php?rest_route=\/wp\/v2\/posts\/5987\/revisions"}],"predecessor-version":[{"id":6012,"href":"https:\/\/tacuarembo.gub.uy\/index.php?rest_route=\/wp\/v2\/posts\/5987\/revisions\/6012"}],"wp:featuredmedia":[{"embeddable":true,"href":"https:\/\/tacuarembo.gub.uy\/index.php?rest_route=\/wp\/v2\/media\/5992"}],"wp:attachment":[{"href":"https:\/\/tacuarembo.gub.uy\/index.php?rest_route=%2Fwp%2Fv2%2Fmedia&parent=5987"}],"wp:term":[{"taxonomy":"category","embeddable":true,"href":"https:\/\/tacuarembo.gub.uy\/index.php?rest_route=%2Fwp%2Fv2%2Fcategories&post=5987"},{"taxonomy":"post_tag","embeddable":true,"href":"https:\/\/tacuarembo.gub.uy\/index.php?rest_route=%2Fwp%2Fv2%2Ftags&post=5987"}],"curies":[{"name":"wp","href":"https:\/\/api.w.org\/{rel}","templated":true}]}}