{"id":5985,"date":"2019-12-30T13:46:17","date_gmt":"2019-12-30T16:46:17","guid":{"rendered":"https:\/\/tacuarembo.gub.uy\/?p=5985"},"modified":"2020-02-06T16:27:26","modified_gmt":"2020-02-06T19:27:26","slug":"victor-heredia-y-el-cuarteto-de-nos-son-los-grandes-atractivos-que-tendra-la-expo-paso-de-los-toros-en-febrero","status":"publish","type":"post","link":"https:\/\/tacuarembo.gub.uy\/?p=5985","title":{"rendered":"V\u00edctor Heredia y El Cuarteto De Nos, son los grandes atractivos que tendr\u00e1 la Expo Paso de los Toros en febrero"},"content":{"rendered":"\n<p>Se llev\u00f3 a cabo el lanzamiento oficial de la 35\u00aa. Expo-feria de Paso de los Toros, en dicha oportunidad, el intendente departamental Eber Da Rosa, expres\u00f3 la importancia de la misma a nivel regional y el apoyo brindado por la Intendencia. Este es un evento que siempre cuenta con un gran respaldo popular y comercial, que son junto con la IDT, quienes permiten presentar un espect\u00e1culo de jerarqu\u00eda y gratuito para toda la poblaci\u00f3n.<\/p>\n\n\n\n<iframe loading=\"lazy\" src=\"https:\/\/www.youtube.com\/embed\/blmlpd4xpCs\" allow=\"accelerometer; autoplay; encrypted-media; gyroscope; picture-in-picture\" allowfullscreen=\"\" width=\"729\" height=\"410\" frameborder=\"0\"><\/iframe>\n","protected":false},"excerpt":{"rendered":"<p>Se llev\u00f3 a cabo el lanzamiento oficial de la 35\u00aa. Expo-feria de Paso de los Toros, en dicha oportunidad, el intendente departamental Eber Da Rosa, expres\u00f3 la importancia de la misma a nivel regional y el apoyo brindado por la Intendencia<\/p>\n","protected":false},"author":3,"featured_media":5981,"comment_status":"open","ping_status":"open","sticky":false,"template":"","format":"standard","meta":{"_eb_attr":"","footnotes":""},"categories":[16],"tags":[],"class_list":{"0":"post-5985","1":"post","2":"type-post","3":"status-publish","4":"format-standard","5":"has-post-thumbnail","7":"category-noticias"},"_links":{"self":[{"href":"https:\/\/tacuarembo.gub.uy\/index.php?rest_route=\/wp\/v2\/posts\/5985","targetHints":{"allow":["GET"]}}],"collection":[{"href":"https:\/\/tacuarembo.gub.uy\/index.php?rest_route=\/wp\/v2\/posts"}],"about":[{"href":"https:\/\/tacuarembo.gub.uy\/index.php?rest_route=\/wp\/v2\/types\/post"}],"author":[{"embeddable":true,"href":"https:\/\/tacuarembo.gub.uy\/index.php?rest_route=\/wp\/v2\/users\/3"}],"replies":[{"embeddable":true,"href":"https:\/\/tacuarembo.gub.uy\/index.php?rest_route=%2Fwp%2Fv2%2Fcomments&post=5985"}],"version-history":[{"count":2,"href":"https:\/\/tacuarembo.gub.uy\/index.php?rest_route=\/wp\/v2\/posts\/5985\/revisions"}],"predecessor-version":[{"id":6460,"href":"https:\/\/tacuarembo.gub.uy\/index.php?rest_route=\/wp\/v2\/posts\/5985\/revisions\/6460"}],"wp:featuredmedia":[{"embeddable":true,"href":"https:\/\/tacuarembo.gub.uy\/index.php?rest_route=\/wp\/v2\/media\/5981"}],"wp:attachment":[{"href":"https:\/\/tacuarembo.gub.uy\/index.php?rest_route=%2Fwp%2Fv2%2Fmedia&parent=5985"}],"wp:term":[{"taxonomy":"category","embeddable":true,"href":"https:\/\/tacuarembo.gub.uy\/index.php?rest_route=%2Fwp%2Fv2%2Fcategories&post=5985"},{"taxonomy":"post_tag","embeddable":true,"href":"https:\/\/tacuarembo.gub.uy\/index.php?rest_route=%2Fwp%2Fv2%2Ftags&post=5985"}],"curies":[{"name":"wp","href":"https:\/\/api.w.org\/{rel}","templated":true}]}}