{"id":5979,"date":"2019-12-27T14:47:38","date_gmt":"2019-12-27T17:47:38","guid":{"rendered":"https:\/\/tacuarembo.gub.uy\/?p=5979"},"modified":"2019-12-27T14:47:38","modified_gmt":"2019-12-27T17:47:38","slug":"primeros-artistas-de-la-35o-expo-de-paso-de-los-toros","status":"publish","type":"post","link":"https:\/\/tacuarembo.gub.uy\/?p=5979","title":{"rendered":"Primeros artistas de la 35\u00ba expo de Paso de los Toros"},"content":{"rendered":"\n<p>En presencia de medios locales, de Durazno y Tacuaremb\u00f3, se realiz\u00f3 esta ma\u00f1ana en la sede del Municipio una conferencia de prensa con la presencia del intendente Dr. Eber Da Rosa, donde la Comisi\u00f3n Organizadora de la pr\u00f3xima Expo Feria presidida por el alcalde brind\u00f3 los principales detalles del evento.<br>L\u00f3pez Sanchez destac\u00f3 las caracter\u00edsticas de la Fiesta que se realizar\u00e1 del 13 al 17 de Febrero, confirmando que el jueves \u00abse har\u00e1 como siempre la elecci\u00f3n de la Reina, y el lunes la fiesta Sunset Fluo organizada por la Comisi\u00f3n de Juventud y orientada a los j\u00f3venes\u00bb.<br>Adelant\u00f3 que entre el viernes y el domingo actuar\u00e1n El Cuarteto de Nos, V\u00edctor Heredia, 18 Kilates, Los Cuervos del Malambo, Anita Valiente, Sonido Profesional, M\u00edriam Britos, 4 Pesos, y Meta Fuelle.<br>Agreg\u00f3 que estar\u00e1 el parque de diversiones, la plaza de comidas, agradeci\u00f3 al comercio, destac\u00f3 el car\u00e1cter gratuito de la fiesta, y que su organizaci\u00f3n insumira \u00abunos 3 millones de pesos\u00bb.<br>El intendente repas\u00f3 la historia del evento, su importancia cultural, y que \u00absu vigencia se debe al respaldo de la gente\u00bb\u2026<\/p>\n\n\n\n<figure class=\"wp-block-image\"><img loading=\"lazy\" decoding=\"async\" width=\"800\" height=\"420\" src=\"https:\/\/tacuarembo.gub.uy\/wp-content\/uploads\/WhatsApp-Image-2019-12-27-at-14.14.11-800x420.jpeg\" alt=\"\" class=\"wp-image-5980\"\/><\/figure>\n\n\n\n<figure class=\"wp-block-image\"><img loading=\"lazy\" decoding=\"async\" width=\"800\" height=\"420\" src=\"https:\/\/tacuarembo.gub.uy\/wp-content\/uploads\/WhatsApp-Image-2019-12-27-at-14.14.13-800x420.jpeg\" alt=\"\" class=\"wp-image-5981\"\/><\/figure>\n\n\n\n<figure class=\"wp-block-image\"><img loading=\"lazy\" decoding=\"async\" width=\"800\" height=\"420\" src=\"https:\/\/tacuarembo.gub.uy\/wp-content\/uploads\/WhatsApp-Image-2019-12-27-at-14.14.12-800x420.jpeg\" alt=\"\" class=\"wp-image-5982\"\/><\/figure>\n","protected":false},"excerpt":{"rendered":"<p>En presencia de medios locales, de Durazno y Tacuaremb\u00f3, se realiz\u00f3 esta ma\u00f1ana en la sede del Municipio una conferencia de prensa con la presencia del intendente Dr. Eber Da Rosa, donde la Comisi\u00f3n Organizadora de la pr\u00f3xima Expo Feria presidida por el alcalde brind\u00f3 los principales detalles del evento.<\/p>\n","protected":false},"author":3,"featured_media":5981,"comment_status":"open","ping_status":"open","sticky":false,"template":"","format":"standard","meta":{"_eb_attr":"","footnotes":""},"categories":[16],"tags":[],"class_list":{"0":"post-5979","1":"post","2":"type-post","3":"status-publish","4":"format-standard","5":"has-post-thumbnail","7":"category-noticias"},"_links":{"self":[{"href":"https:\/\/tacuarembo.gub.uy\/index.php?rest_route=\/wp\/v2\/posts\/5979","targetHints":{"allow":["GET"]}}],"collection":[{"href":"https:\/\/tacuarembo.gub.uy\/index.php?rest_route=\/wp\/v2\/posts"}],"about":[{"href":"https:\/\/tacuarembo.gub.uy\/index.php?rest_route=\/wp\/v2\/types\/post"}],"author":[{"embeddable":true,"href":"https:\/\/tacuarembo.gub.uy\/index.php?rest_route=\/wp\/v2\/users\/3"}],"replies":[{"embeddable":true,"href":"https:\/\/tacuarembo.gub.uy\/index.php?rest_route=%2Fwp%2Fv2%2Fcomments&post=5979"}],"version-history":[{"count":1,"href":"https:\/\/tacuarembo.gub.uy\/index.php?rest_route=\/wp\/v2\/posts\/5979\/revisions"}],"predecessor-version":[{"id":5983,"href":"https:\/\/tacuarembo.gub.uy\/index.php?rest_route=\/wp\/v2\/posts\/5979\/revisions\/5983"}],"wp:featuredmedia":[{"embeddable":true,"href":"https:\/\/tacuarembo.gub.uy\/index.php?rest_route=\/wp\/v2\/media\/5981"}],"wp:attachment":[{"href":"https:\/\/tacuarembo.gub.uy\/index.php?rest_route=%2Fwp%2Fv2%2Fmedia&parent=5979"}],"wp:term":[{"taxonomy":"category","embeddable":true,"href":"https:\/\/tacuarembo.gub.uy\/index.php?rest_route=%2Fwp%2Fv2%2Fcategories&post=5979"},{"taxonomy":"post_tag","embeddable":true,"href":"https:\/\/tacuarembo.gub.uy\/index.php?rest_route=%2Fwp%2Fv2%2Ftags&post=5979"}],"curies":[{"name":"wp","href":"https:\/\/api.w.org\/{rel}","templated":true}]}}