{"id":5896,"date":"2019-12-18T17:15:21","date_gmt":"2019-12-18T20:15:21","guid":{"rendered":"https:\/\/tacuarembo.gub.uy\/?p=5896"},"modified":"2020-02-06T16:27:54","modified_gmt":"2020-02-06T19:27:54","slug":"llamado-para-desempenar-tareas-de-director-de-orquesta-y-o-banda-departamental","status":"publish","type":"post","link":"https:\/\/tacuarembo.gub.uy\/?p=5896","title":{"rendered":"Llamado para desempe\u00f1ar tareas de Director de Orquesta y\/o Banda Departamental"},"content":{"rendered":"\n<p>La Intendencia Departamental de Tacuaremb\u00f3 resolvi\u00f3 convocar a un \nllamado p\u00fablico y abierto de aspirantes para desempe\u00f1ar tareas de \nDirector de Orquesta y\/o Banda Departamental, en r\u00e9gimen de \narrendamiento de servicios o contrato de funci\u00f3n p\u00fablica, con\n dedicaci\u00f3n exclusiva, de acuerdo a las bases de la selecci\u00f3n que se \naprueban en la resoluci\u00f3n Nro. 2334\/2019. Informamos&nbsp; que las bases y \ndetalles de las pruebas se pueden descargar en la p\u00e1gina Web,\n<a href=\"https:\/\/tacuarembo.gub.uy\/\" target=\"_blank\" rel=\"noreferrer noopener\">www.tacuarembo.gub.uy<\/a>.\n El periodo de inscripci\u00f3n se realizar\u00e1 en la Direcci\u00f3n de Recursos \nHumanos desde la fecha, hasta el 10 de enero de 2020, inclusive, en \nhorario de oficina.\u200b<\/p>\n\n\n<p><strong><a href=\"https:\/\/tacuarembo.gub.uy\/wp-content\/uploads\/BASES-DE-LLAMADAO-A-CONCURSO-DE-DIRECTORES-2019-definitivo.doc\">BASES DE LLAMADAO A CONCURSO DE DIRECTORES 2019<\/a><\/strong><\/p>\n<p><strong><a href=\"https:\/\/tacuarembo.gub.uy\/wp-content\/uploads\/prueba-practica-FINAL.doc\">Prueba practica FINAL<\/a><\/strong><\/p>\n<p><strong><a href=\"https:\/\/tacuarembo.gub.uy\/wp-content\/uploads\/pruebas-teorica.doc\">Prueba te\u00f3rica<\/a><\/strong><\/p>\n<p>&nbsp;<\/p>","protected":false},"excerpt":{"rendered":"<p>La Intendencia Departamental de Tacuaremb\u00f3 resolvi\u00f3 convocar a un  llamado p\u00fablico y abierto de aspirantes para desempe\u00f1ar tareas de  Director de Orquesta y\/o Banda Departamental<\/p>\n","protected":false},"author":3,"featured_media":5902,"comment_status":"open","ping_status":"open","sticky":false,"template":"","format":"standard","meta":{"_eb_attr":"","footnotes":""},"categories":[16],"tags":[],"class_list":{"0":"post-5896","1":"post","2":"type-post","3":"status-publish","4":"format-standard","5":"has-post-thumbnail","7":"category-noticias"},"_links":{"self":[{"href":"https:\/\/tacuarembo.gub.uy\/index.php?rest_route=\/wp\/v2\/posts\/5896","targetHints":{"allow":["GET"]}}],"collection":[{"href":"https:\/\/tacuarembo.gub.uy\/index.php?rest_route=\/wp\/v2\/posts"}],"about":[{"href":"https:\/\/tacuarembo.gub.uy\/index.php?rest_route=\/wp\/v2\/types\/post"}],"author":[{"embeddable":true,"href":"https:\/\/tacuarembo.gub.uy\/index.php?rest_route=\/wp\/v2\/users\/3"}],"replies":[{"embeddable":true,"href":"https:\/\/tacuarembo.gub.uy\/index.php?rest_route=%2Fwp%2Fv2%2Fcomments&post=5896"}],"version-history":[{"count":1,"href":"https:\/\/tacuarembo.gub.uy\/index.php?rest_route=\/wp\/v2\/posts\/5896\/revisions"}],"predecessor-version":[{"id":5901,"href":"https:\/\/tacuarembo.gub.uy\/index.php?rest_route=\/wp\/v2\/posts\/5896\/revisions\/5901"}],"wp:featuredmedia":[{"embeddable":true,"href":"https:\/\/tacuarembo.gub.uy\/index.php?rest_route=\/wp\/v2\/media\/5902"}],"wp:attachment":[{"href":"https:\/\/tacuarembo.gub.uy\/index.php?rest_route=%2Fwp%2Fv2%2Fmedia&parent=5896"}],"wp:term":[{"taxonomy":"category","embeddable":true,"href":"https:\/\/tacuarembo.gub.uy\/index.php?rest_route=%2Fwp%2Fv2%2Fcategories&post=5896"},{"taxonomy":"post_tag","embeddable":true,"href":"https:\/\/tacuarembo.gub.uy\/index.php?rest_route=%2Fwp%2Fv2%2Ftags&post=5896"}],"curies":[{"name":"wp","href":"https:\/\/api.w.org\/{rel}","templated":true}]}}