{"id":5855,"date":"2019-12-17T13:34:54","date_gmt":"2019-12-17T16:34:54","guid":{"rendered":"https:\/\/tacuarembo.gub.uy\/?p=5855"},"modified":"2019-12-17T13:41:39","modified_gmt":"2019-12-17T16:41:39","slug":"el-8-de-febrero-se-inaugura-la-avenida-torres-medeiros","status":"publish","type":"post","link":"https:\/\/tacuarembo.gub.uy\/?p=5855","title":{"rendered":"El 8 de febrero se inaugura la Avenida Torres Medeiros"},"content":{"rendered":"\n<p>Por estos d\u00edas es intenso el trabajo que se viene cumpliendo en el marco de la puesta a punto de la Plazoleta Revoluci\u00f3n del Quebracho, recuperando un espacio p\u00fablico clave en el barrio y adem\u00e1s con lo que significa el pavimento de hormig\u00f3n que tendr\u00e1 esta avenida en su remodelaci\u00f3n total que se viene impulsando desde la Intendencia.<\/p>\n\n\n\n<figure class=\"wp-block-image\"><img loading=\"lazy\" decoding=\"async\" width=\"800\" height=\"420\" src=\"https:\/\/tacuarembo.gub.uy\/wp-content\/uploads\/WhatsApp-Image-2019-12-17-at-13.29.09-800x420.jpeg\" alt=\"\" class=\"wp-image-5856\"\/><\/figure>\n\n\n\n<figure class=\"wp-block-image size-large\"><img loading=\"lazy\" decoding=\"async\" width=\"800\" height=\"420\" src=\"https:\/\/tacuarembo.gub.uy\/wp-content\/uploads\/WhatsApp-Image-2019-12-17-at-13.29.081-1-800x420.jpeg\" alt=\"\" class=\"wp-image-5860\"\/><\/figure>\n\n\n\n<figure class=\"wp-block-image size-large\"><img loading=\"lazy\" decoding=\"async\" width=\"800\" height=\"420\" src=\"https:\/\/tacuarembo.gub.uy\/wp-content\/uploads\/WhatsApp-Image-2019-12-17-at-13.29.08-800x420.jpeg\" alt=\"\" class=\"wp-image-5858\"\/><\/figure>\n\n\n\n<figure class=\"wp-block-image size-large\"><img loading=\"lazy\" decoding=\"async\" width=\"800\" height=\"420\" src=\"https:\/\/tacuarembo.gub.uy\/wp-content\/uploads\/WhatsApp-Image-2019-12-17-at-13.29.07-800x420.jpeg\" alt=\"\" class=\"wp-image-5859\"\/><\/figure>\n\n\n\n<figure class=\"wp-block-image size-large\"><img loading=\"lazy\" decoding=\"async\" width=\"800\" height=\"420\" src=\"https:\/\/tacuarembo.gub.uy\/wp-content\/uploads\/WhatsApp-Image-2019-12-17-at-13.29.06-800x420.jpeg\" alt=\"\" class=\"wp-image-5861\"\/><\/figure>\n","protected":false},"excerpt":{"rendered":"<p>Por estos d\u00edas es intenso el trabajo que se viene cumpliendo en el marco de la puesta a punto de la Plazoleta Revoluci\u00f3n del Quebracho, recuperando un espacio p\u00fablico clave en el barrio y adem\u00e1s con lo que significa el pavimento de hormig\u00f3n que tendr\u00e1 esta avenida en su remodelaci\u00f3n total que se viene impulsando desde la Intendencia.<\/p>\n","protected":false},"author":3,"featured_media":5864,"comment_status":"open","ping_status":"open","sticky":false,"template":"","format":"standard","meta":{"_eb_attr":"","footnotes":""},"categories":[16,23],"tags":[],"class_list":{"0":"post-5855","1":"post","2":"type-post","3":"status-publish","4":"format-standard","5":"has-post-thumbnail","7":"category-noticias","8":"category-obras-en-construccion"},"_links":{"self":[{"href":"https:\/\/tacuarembo.gub.uy\/index.php?rest_route=\/wp\/v2\/posts\/5855","targetHints":{"allow":["GET"]}}],"collection":[{"href":"https:\/\/tacuarembo.gub.uy\/index.php?rest_route=\/wp\/v2\/posts"}],"about":[{"href":"https:\/\/tacuarembo.gub.uy\/index.php?rest_route=\/wp\/v2\/types\/post"}],"author":[{"embeddable":true,"href":"https:\/\/tacuarembo.gub.uy\/index.php?rest_route=\/wp\/v2\/users\/3"}],"replies":[{"embeddable":true,"href":"https:\/\/tacuarembo.gub.uy\/index.php?rest_route=%2Fwp%2Fv2%2Fcomments&post=5855"}],"version-history":[{"count":1,"href":"https:\/\/tacuarembo.gub.uy\/index.php?rest_route=\/wp\/v2\/posts\/5855\/revisions"}],"predecessor-version":[{"id":5865,"href":"https:\/\/tacuarembo.gub.uy\/index.php?rest_route=\/wp\/v2\/posts\/5855\/revisions\/5865"}],"wp:featuredmedia":[{"embeddable":true,"href":"https:\/\/tacuarembo.gub.uy\/index.php?rest_route=\/wp\/v2\/media\/5864"}],"wp:attachment":[{"href":"https:\/\/tacuarembo.gub.uy\/index.php?rest_route=%2Fwp%2Fv2%2Fmedia&parent=5855"}],"wp:term":[{"taxonomy":"category","embeddable":true,"href":"https:\/\/tacuarembo.gub.uy\/index.php?rest_route=%2Fwp%2Fv2%2Fcategories&post=5855"},{"taxonomy":"post_tag","embeddable":true,"href":"https:\/\/tacuarembo.gub.uy\/index.php?rest_route=%2Fwp%2Fv2%2Ftags&post=5855"}],"curies":[{"name":"wp","href":"https:\/\/api.w.org\/{rel}","templated":true}]}}