{"id":5596,"date":"2019-12-09T11:24:46","date_gmt":"2019-12-09T14:24:46","guid":{"rendered":"https:\/\/tacuarembo.gub.uy\/?p=5596"},"modified":"2019-12-10T09:07:55","modified_gmt":"2019-12-10T12:07:55","slug":"premiados-de-veni-a-cantarle-a-gardel","status":"publish","type":"post","link":"https:\/\/tacuarembo.gub.uy\/?p=5596","title":{"rendered":"Premiados de \u201cVen\u00ed a Cantarle a Gardel\u201d"},"content":{"rendered":"\n<p>En la Edici\u00f3n N\u00b0 23 del Certamen de \u201cVen\u00ed a Cantarle a Gardel\u201d han resultado ganadores: Mejor Voz del Certamen: g\u00e9nero tango Carlos Trucido, de Montevideo; Mejor Voz Femenina Premio Amalia de la Vega: Laura Correa de R\u00edo Branco; Mejor Voz G\u00e9nero Tango: primer lugar Carlos Trucido, segundo lugar Mar\u00eda P\u00eda Escayola de Melo; Mejor Voz G\u00e9nero Mel\u00f3dico: primer lugar Delfina Falco de Paysand\u00fa, segundo lugar Katherine Bordagorria de Paso de los Toros; Mejor Voz G\u00e9nero Folklore: primer lugar Romina S\u00e1nchez, segundo lugar Graciela Jascue de Punta del Este; Mejor Voz G\u00e9nero Tropical: primer lugar Valeria Guaraglia de Carmelo, segundo lugar Pedro Roura; Mejor Canci\u00f3n In\u00e9dita: primer lugar Luis Alberto Meneses de Montevideo, segundo lugar Ra\u00fal Azul Correa; Revelaci\u00f3n: Pilar Apesetche; Menci\u00f3n Presentaci\u00f3n y Producci\u00f3n: Felipe Barboza; Categor\u00eda Ni\u00f1os \u2013 Juveniles, triple empate: Mauricio Santana, Paulina dos Santos y Victoria Rodr\u00edguez.<\/p>\n\n\n\n<figure class=\"wp-block-image\"><img loading=\"lazy\" decoding=\"async\" width=\"800\" height=\"420\" src=\"https:\/\/tacuarembo.gub.uy\/wp-content\/uploads\/WhatsApp-Image-2019-12-09-at-14.28.11-800x420.jpeg\" alt=\"\" class=\"wp-image-5667\"\/><\/figure>\n\n\n\n<figure class=\"wp-block-image\"><img loading=\"lazy\" decoding=\"async\" width=\"800\" height=\"420\" src=\"https:\/\/tacuarembo.gub.uy\/wp-content\/uploads\/WhatsApp-Image-2019-12-09-at-14.28.12-800x420.jpeg\" alt=\"\" class=\"wp-image-5666\"\/><\/figure>\n\n\n\n<figure class=\"wp-block-image\"><img loading=\"lazy\" decoding=\"async\" width=\"800\" height=\"420\" src=\"https:\/\/tacuarembo.gub.uy\/wp-content\/uploads\/WhatsApp-Image-2019-12-09-at-14.28.121-800x420.jpeg\" alt=\"\" class=\"wp-image-5665\"\/><\/figure>\n\n\n\n<figure class=\"wp-block-image\"><img loading=\"lazy\" decoding=\"async\" width=\"800\" height=\"420\" src=\"https:\/\/tacuarembo.gub.uy\/wp-content\/uploads\/WhatsApp-Image-2019-12-09-at-14.28.122-800x420.jpeg\" alt=\"\" class=\"wp-image-5664\"\/><\/figure>\n\n\n\n<figure class=\"wp-block-image\"><img loading=\"lazy\" decoding=\"async\" width=\"800\" height=\"420\" src=\"https:\/\/tacuarembo.gub.uy\/wp-content\/uploads\/WhatsApp-Image-2019-12-09-at-14.28.13-800x420.jpeg\" alt=\"\" class=\"wp-image-5663\"\/><\/figure>\n\n\n\n<figure class=\"wp-block-image\"><img loading=\"lazy\" decoding=\"async\" width=\"800\" height=\"420\" src=\"https:\/\/tacuarembo.gub.uy\/wp-content\/uploads\/WhatsApp-Image-2019-12-09-at-14.28.131-800x420.jpeg\" alt=\"\" class=\"wp-image-5662\"\/><\/figure>\n\n\n\n<figure class=\"wp-block-image\"><img loading=\"lazy\" decoding=\"async\" width=\"800\" height=\"420\" src=\"https:\/\/tacuarembo.gub.uy\/wp-content\/uploads\/WhatsApp-Image-2019-12-09-at-14.28.132-800x420.jpeg\" alt=\"\" class=\"wp-image-5661\"\/><\/figure>\n\n\n\n<figure class=\"wp-block-image\"><img loading=\"lazy\" decoding=\"async\" width=\"800\" height=\"420\" src=\"https:\/\/tacuarembo.gub.uy\/wp-content\/uploads\/WhatsApp-Image-2019-12-09-at-14.28.14-800x420.jpeg\" alt=\"\" class=\"wp-image-5660\"\/><\/figure>\n\n\n\n<figure class=\"wp-block-image\"><img loading=\"lazy\" decoding=\"async\" width=\"800\" height=\"420\" src=\"https:\/\/tacuarembo.gub.uy\/wp-content\/uploads\/WhatsApp-Image-2019-12-09-at-14.28.141-800x420.jpeg\" alt=\"\" class=\"wp-image-5659\"\/><\/figure>\n\n\n\n<figure class=\"wp-block-image\"><img loading=\"lazy\" decoding=\"async\" width=\"800\" height=\"420\" src=\"https:\/\/tacuarembo.gub.uy\/wp-content\/uploads\/WhatsApp-Image-2019-12-09-at-14.28.142-800x420.jpeg\" alt=\"\" class=\"wp-image-5658\"\/><\/figure>\n","protected":false},"excerpt":{"rendered":"<p>En la Edici\u00f3n N\u00b0 23 del Certamen de \u201cVen\u00ed a Cantarle a Gardel\u201d han resultado ganadores&#8230;<\/p>\n","protected":false},"author":3,"featured_media":5597,"comment_status":"open","ping_status":"open","sticky":false,"template":"","format":"standard","meta":{"_eb_attr":"","footnotes":""},"categories":[16],"tags":[],"class_list":{"0":"post-5596","1":"post","2":"type-post","3":"status-publish","4":"format-standard","5":"has-post-thumbnail","7":"category-noticias"},"_links":{"self":[{"href":"https:\/\/tacuarembo.gub.uy\/index.php?rest_route=\/wp\/v2\/posts\/5596","targetHints":{"allow":["GET"]}}],"collection":[{"href":"https:\/\/tacuarembo.gub.uy\/index.php?rest_route=\/wp\/v2\/posts"}],"about":[{"href":"https:\/\/tacuarembo.gub.uy\/index.php?rest_route=\/wp\/v2\/types\/post"}],"author":[{"embeddable":true,"href":"https:\/\/tacuarembo.gub.uy\/index.php?rest_route=\/wp\/v2\/users\/3"}],"replies":[{"embeddable":true,"href":"https:\/\/tacuarembo.gub.uy\/index.php?rest_route=%2Fwp%2Fv2%2Fcomments&post=5596"}],"version-history":[{"count":2,"href":"https:\/\/tacuarembo.gub.uy\/index.php?rest_route=\/wp\/v2\/posts\/5596\/revisions"}],"predecessor-version":[{"id":5671,"href":"https:\/\/tacuarembo.gub.uy\/index.php?rest_route=\/wp\/v2\/posts\/5596\/revisions\/5671"}],"wp:featuredmedia":[{"embeddable":true,"href":"https:\/\/tacuarembo.gub.uy\/index.php?rest_route=\/wp\/v2\/media\/5597"}],"wp:attachment":[{"href":"https:\/\/tacuarembo.gub.uy\/index.php?rest_route=%2Fwp%2Fv2%2Fmedia&parent=5596"}],"wp:term":[{"taxonomy":"category","embeddable":true,"href":"https:\/\/tacuarembo.gub.uy\/index.php?rest_route=%2Fwp%2Fv2%2Fcategories&post=5596"},{"taxonomy":"post_tag","embeddable":true,"href":"https:\/\/tacuarembo.gub.uy\/index.php?rest_route=%2Fwp%2Fv2%2Ftags&post=5596"}],"curies":[{"name":"wp","href":"https:\/\/api.w.org\/{rel}","templated":true}]}}