{"id":5591,"date":"2019-12-06T19:27:30","date_gmt":"2019-12-06T22:27:30","guid":{"rendered":"https:\/\/tacuarembo.gub.uy\/?p=5591"},"modified":"2019-12-06T19:27:30","modified_gmt":"2019-12-06T22:27:30","slug":"se-realizo-la-tradicional-cena-de-despedida-de-ano","status":"publish","type":"post","link":"https:\/\/tacuarembo.gub.uy\/?p=5591","title":{"rendered":"Se realiz\u00f3 la tradicional cena de Despedida de A\u00f1o"},"content":{"rendered":"\n<p>El Intendente Eber Da Rosa despidi\u00f3 el a\u00f1o con un brindis acompa\u00f1ado por las autoridades departamentales y medios de comunicaci\u00f3n. Como es tradicional todos los a\u00f1os se re\u00fanen referentes de los diferentes organismos del estado para compartir un brindis, d\u00f3nde se genera una charla de intercambio y se comparte una evaluaci\u00f3n del a\u00f1o de trabajo.<\/p>\n\n\n\n<iframe loading=\"lazy\" width=\"729\" height=\"410\" src=\"https:\/\/www.youtube.com\/embed\/m0BS5mQ2pZM\" frameborder=\"0\" allow=\"accelerometer; autoplay; encrypted-media; gyroscope; picture-in-picture\" allowfullscreen><\/iframe>\n","protected":false},"excerpt":{"rendered":"<p>El Intendente Eber Da Rosa despidi\u00f3 el a\u00f1o con un brindis acompa\u00f1ado por las autoridades departamentales y medios de comunicaci\u00f3n. Como es tradicional todos los a\u00f1os se re\u00fanen referentes de los diferentes organismos del estado para compartir un brindis, d\u00f3nde se genera una charla de intercambio y se comparte una evaluaci\u00f3n del a\u00f1o de trabajo.<\/p>\n","protected":false},"author":3,"featured_media":5592,"comment_status":"open","ping_status":"open","sticky":false,"template":"","format":"standard","meta":{"_eb_attr":"","footnotes":""},"categories":[16],"tags":[],"class_list":{"0":"post-5591","1":"post","2":"type-post","3":"status-publish","4":"format-standard","5":"has-post-thumbnail","7":"category-noticias"},"_links":{"self":[{"href":"https:\/\/tacuarembo.gub.uy\/index.php?rest_route=\/wp\/v2\/posts\/5591","targetHints":{"allow":["GET"]}}],"collection":[{"href":"https:\/\/tacuarembo.gub.uy\/index.php?rest_route=\/wp\/v2\/posts"}],"about":[{"href":"https:\/\/tacuarembo.gub.uy\/index.php?rest_route=\/wp\/v2\/types\/post"}],"author":[{"embeddable":true,"href":"https:\/\/tacuarembo.gub.uy\/index.php?rest_route=\/wp\/v2\/users\/3"}],"replies":[{"embeddable":true,"href":"https:\/\/tacuarembo.gub.uy\/index.php?rest_route=%2Fwp%2Fv2%2Fcomments&post=5591"}],"version-history":[{"count":1,"href":"https:\/\/tacuarembo.gub.uy\/index.php?rest_route=\/wp\/v2\/posts\/5591\/revisions"}],"predecessor-version":[{"id":5593,"href":"https:\/\/tacuarembo.gub.uy\/index.php?rest_route=\/wp\/v2\/posts\/5591\/revisions\/5593"}],"wp:featuredmedia":[{"embeddable":true,"href":"https:\/\/tacuarembo.gub.uy\/index.php?rest_route=\/wp\/v2\/media\/5592"}],"wp:attachment":[{"href":"https:\/\/tacuarembo.gub.uy\/index.php?rest_route=%2Fwp%2Fv2%2Fmedia&parent=5591"}],"wp:term":[{"taxonomy":"category","embeddable":true,"href":"https:\/\/tacuarembo.gub.uy\/index.php?rest_route=%2Fwp%2Fv2%2Fcategories&post=5591"},{"taxonomy":"post_tag","embeddable":true,"href":"https:\/\/tacuarembo.gub.uy\/index.php?rest_route=%2Fwp%2Fv2%2Ftags&post=5591"}],"curies":[{"name":"wp","href":"https:\/\/api.w.org\/{rel}","templated":true}]}}