{"id":5585,"date":"2019-12-06T17:26:15","date_gmt":"2019-12-06T20:26:15","guid":{"rendered":"https:\/\/tacuarembo.gub.uy\/?p=5585"},"modified":"2019-12-06T17:26:15","modified_gmt":"2019-12-06T20:26:15","slug":"muestra-en-centro-de-barrio-3","status":"publish","type":"post","link":"https:\/\/tacuarembo.gub.uy\/?p=5585","title":{"rendered":"Muestra en Centro de Barrio 3"},"content":{"rendered":"\n<p>La Dir.Gral. de Desarrollo Social, Promoci\u00f3n Social, conjuntamente con Mesa Ejecutiva de Centro de Barrio N\u00b0 3 \u201c18 de Mayo\u201d, invitan a toda la poblaci\u00f3n a visitar la muestra con exhibici\u00f3n de los diferentes cursos que se realizaron en dicho Centro en el correr del a\u00f1o.  Podr\u00e1n adem\u00e1s disfrutar de espect\u00e1culo art\u00edstico, desfile de vestimenta, peinados y maquillaje, todo realizaci\u00f3n de alumnos.  Se har\u00e1 entrega de Certificados de fin de cursos.  S\u00e1bado 7 de diciembre de 19:30 a 22:00 horas.La Dir.Gral. de Desarrollo Social, Promoci\u00f3n Social, conjuntamente con Mesa Ejecutiva de Centro de Barrio N\u00b0 3 \u201c18 de Mayo\u201d, invitan a toda la poblaci\u00f3n a visitar la muestra con exhibici\u00f3n de los diferentes cursos que se realizaron en dicho Centro en el correr del a\u00f1o.  La Dir.Gral. de Desarrollo Social, Promoci\u00f3n Social, conjuntamente con Mesa Ejecutiva de Centro de Barrio N\u00b0 3 \u201c18 de Mayo\u201d, invitan a toda la poblaci\u00f3n a visitar la muestra con exhibici\u00f3n de los diferentes cursos que se realizaron en dicho Centro en el correr del a\u00f1o.  Podr\u00e1n adem\u00e1s disfrutar de espect\u00e1culo art\u00edstico, desfile de vestimenta, peinados y maquillaje, todo realizaci\u00f3n de alumnos.  Se har\u00e1 entrega de Certificados de fin de cursos.  S\u00e1bado 7 de diciembre de 19:30 a 22:00 horas.<\/p>\n\n\n\n<p><\/p>\n","protected":false},"excerpt":{"rendered":"<p>La Dir.Gral. de Desarrollo Social, Promoci\u00f3n Social, conjuntamente con Mesa Ejecutiva de Centro de Barrio N\u00b0 3 \u201c18 de Mayo\u201d, invitan a toda la poblaci\u00f3n a visitar la muestra con exhibici\u00f3n de los diferentes cursos que se realizaron en dicho Centro en el correr del a\u00f1o.  <\/p>\n","protected":false},"author":3,"featured_media":5586,"comment_status":"open","ping_status":"open","sticky":false,"template":"","format":"standard","meta":{"_eb_attr":"","footnotes":""},"categories":[16],"tags":[],"class_list":{"0":"post-5585","1":"post","2":"type-post","3":"status-publish","4":"format-standard","5":"has-post-thumbnail","7":"category-noticias"},"_links":{"self":[{"href":"https:\/\/tacuarembo.gub.uy\/index.php?rest_route=\/wp\/v2\/posts\/5585","targetHints":{"allow":["GET"]}}],"collection":[{"href":"https:\/\/tacuarembo.gub.uy\/index.php?rest_route=\/wp\/v2\/posts"}],"about":[{"href":"https:\/\/tacuarembo.gub.uy\/index.php?rest_route=\/wp\/v2\/types\/post"}],"author":[{"embeddable":true,"href":"https:\/\/tacuarembo.gub.uy\/index.php?rest_route=\/wp\/v2\/users\/3"}],"replies":[{"embeddable":true,"href":"https:\/\/tacuarembo.gub.uy\/index.php?rest_route=%2Fwp%2Fv2%2Fcomments&post=5585"}],"version-history":[{"count":1,"href":"https:\/\/tacuarembo.gub.uy\/index.php?rest_route=\/wp\/v2\/posts\/5585\/revisions"}],"predecessor-version":[{"id":5587,"href":"https:\/\/tacuarembo.gub.uy\/index.php?rest_route=\/wp\/v2\/posts\/5585\/revisions\/5587"}],"wp:featuredmedia":[{"embeddable":true,"href":"https:\/\/tacuarembo.gub.uy\/index.php?rest_route=\/wp\/v2\/media\/5586"}],"wp:attachment":[{"href":"https:\/\/tacuarembo.gub.uy\/index.php?rest_route=%2Fwp%2Fv2%2Fmedia&parent=5585"}],"wp:term":[{"taxonomy":"category","embeddable":true,"href":"https:\/\/tacuarembo.gub.uy\/index.php?rest_route=%2Fwp%2Fv2%2Fcategories&post=5585"},{"taxonomy":"post_tag","embeddable":true,"href":"https:\/\/tacuarembo.gub.uy\/index.php?rest_route=%2Fwp%2Fv2%2Ftags&post=5585"}],"curies":[{"name":"wp","href":"https:\/\/api.w.org\/{rel}","templated":true}]}}