{"id":5552,"date":"2019-12-05T08:35:02","date_gmt":"2019-12-05T11:35:02","guid":{"rendered":"https:\/\/tacuarembo.gub.uy\/?p=5552"},"modified":"2020-02-06T16:46:37","modified_gmt":"2020-02-06T19:46:37","slug":"desde-una-laptop-el-intendente-eber-da-rosa-hizo-en-encendido-del-nuevo-sistema-led-inteligente-en-la-zona-de-la-terminal","status":"publish","type":"post","link":"https:\/\/tacuarembo.gub.uy\/?p=5552","title":{"rendered":"Desde una laptop el intendente Eber Da Rosa hizo en encendido del nuevo sistema Led Inteligente en la zona de la Terminal"},"content":{"rendered":"\n<p>En una sencilla ceremonia el Intendente Eber da Rosa  habilit\u00f3 un nuevo servicio de alumbrado p\u00fablico con tecnolog\u00eda led inteligente en la zona de la Terminal Carlos Gardel. De esta manera se cumple con una inquietud planteada en su momento que apuntaba a darle a esta zona una mayor iluminaci\u00f3n teniendo en cuenta algunos hechos que se hab\u00edan verificado, es asi que en ese ida y vuelta permanente de nuestro intendente con la poblaci\u00f3n le traslada la preocupaci\u00f3n al comando de la jefatura de policia y comienza un compromiso de trabajo en conjunto apuntando a brindar m\u00e1s seguridad a los vecinos del \u00e1rea pero tambi\u00e9n para aquellos que en determinados horarios son usuarios de nuestra terminal de \u00f3mnibus y que se movilizan sobre todo a pie. Se estableci\u00f3 un grupo de vigilancia peri\u00f3dico por parte de la policia, se instalaron m\u00e1s c\u00e1maras  de alta definici\u00f3n y con la llegada desde EEUU de esta luminaria inteligente con una mayor intensidad  de la luminosidad que podr\u00e1n observar en los videos publicados en el canal de You Tube de la Intendencia podr\u00e1n ver la magnitud y la importancia de esta concreci\u00f3n. El Intendente Eber Da Rosa adelant\u00f3 que el pr\u00f3ximo paso ser\u00e1 iluminar el coraz\u00f3n del Barrio Vignoli con esta tecnolog\u00eda. La obra es realizada por t\u00e9cnicos y obreros de la Intendencia y en esta zona de la terminal puntualiz\u00f3 Eber Da Rosa se invirti\u00f3 unos dos millones de pesos, para lograr una mayor eficiencia energ\u00e9tica  en un proceso de renovaci\u00f3n total de las luminarias de la ciudad y el departamento.<\/p>\n\n\n\n<figure class=\"wp-block-image size-large\"><img loading=\"lazy\" decoding=\"async\" width=\"800\" height=\"420\" src=\"https:\/\/tacuarembo.gub.uy\/wp-content\/uploads\/WhatsApp-Image-2019-12-04-at-21.12.10-1-800x420.jpeg\" alt=\"\" class=\"wp-image-5559\"\/><\/figure>\n\n\n\n<figure class=\"wp-block-image size-large\"><img loading=\"lazy\" decoding=\"async\" width=\"800\" height=\"420\" src=\"https:\/\/tacuarembo.gub.uy\/wp-content\/uploads\/WhatsApp-Image-2019-12-04-at-21.12.09-800x420.jpeg\" alt=\"\" class=\"wp-image-5556\"\/><\/figure>\n\n\n\n<figure class=\"wp-block-image size-large\"><img loading=\"lazy\" decoding=\"async\" width=\"800\" height=\"420\" src=\"https:\/\/tacuarembo.gub.uy\/wp-content\/uploads\/WhatsApp-Image-2019-12-04-at-21.12.08-800x420.jpeg\" alt=\"\" class=\"wp-image-5557\"\/><\/figure>\n\n\n\n<figure class=\"wp-block-image size-large\"><img loading=\"lazy\" decoding=\"async\" width=\"800\" height=\"420\" src=\"https:\/\/tacuarembo.gub.uy\/wp-content\/uploads\/WhatsApp-Image-2019-12-04-at-21.12.07-800x420.jpeg\" alt=\"\" class=\"wp-image-5558\"\/><\/figure>\n\n\n\n<figure class=\"wp-block-image size-large\"><img loading=\"lazy\" decoding=\"async\" width=\"800\" height=\"420\" src=\"https:\/\/tacuarembo.gub.uy\/wp-content\/uploads\/WhatsApp-Image-2019-12-04-at-21.12.06-800x420.jpeg\" alt=\"\" class=\"wp-image-5554\"\/><\/figure>\n\n\n\n<figure class=\"wp-block-image size-large\"><img loading=\"lazy\" decoding=\"async\" width=\"800\" height=\"420\" src=\"https:\/\/tacuarembo.gub.uy\/wp-content\/uploads\/WhatsApp-Image-2019-12-04-at-21.12.051-800x420.jpeg\" alt=\"\" class=\"wp-image-5555\"\/><\/figure>\n\n\n\n<figure class=\"wp-block-image size-large\"><img loading=\"lazy\" decoding=\"async\" width=\"800\" height=\"420\" src=\"https:\/\/tacuarembo.gub.uy\/wp-content\/uploads\/WhatsApp-Image-2019-12-04-at-21.12.05-800x420.jpeg\" alt=\"\" class=\"wp-image-5561\"\/><\/figure>\n\n\n\n<figure class=\"wp-block-image size-large\"><img loading=\"lazy\" decoding=\"async\" width=\"800\" height=\"420\" src=\"https:\/\/tacuarembo.gub.uy\/wp-content\/uploads\/WhatsApp-Image-2019-12-04-at-21.12.041-800x420.jpeg\" alt=\"\" class=\"wp-image-5560\"\/><\/figure>\n\n\n\n<figure class=\"wp-block-image size-large\"><img loading=\"lazy\" decoding=\"async\" width=\"800\" height=\"420\" src=\"https:\/\/tacuarembo.gub.uy\/wp-content\/uploads\/WhatsApp-Image-2019-12-04-at-21.12.04-800x420.jpeg\" alt=\"\" class=\"wp-image-5562\"\/><\/figure>\n\n\n\n<figure class=\"wp-block-image size-large\"><img loading=\"lazy\" decoding=\"async\" width=\"800\" height=\"420\" src=\"https:\/\/tacuarembo.gub.uy\/wp-content\/uploads\/WhatsApp-Image-2019-12-04-at-21.12.021-800x420.jpeg\" alt=\"\" class=\"wp-image-5563\"\/><\/figure>\n\n\n\n<figure class=\"wp-block-image size-large\"><img loading=\"lazy\" decoding=\"async\" width=\"800\" height=\"420\" src=\"https:\/\/tacuarembo.gub.uy\/wp-content\/uploads\/WhatsApp-Image-2019-12-04-at-21.12.02-800x420.jpeg\" alt=\"\" class=\"wp-image-5564\"\/><\/figure>\n\n\n\n<figure class=\"wp-block-image size-large\"><img loading=\"lazy\" decoding=\"async\" width=\"800\" height=\"420\" src=\"https:\/\/tacuarembo.gub.uy\/wp-content\/uploads\/WhatsApp-Image-2019-12-04-at-21.12.01-800x420.jpeg\" alt=\"\" class=\"wp-image-5565\"\/><\/figure>\n","protected":false},"excerpt":{"rendered":"<p>En una sencilla ceremonia el Intendente Eber da Rosa  habilit\u00f3 un nuevo servicio de alumbrado p\u00fablico con tecnolog\u00eda led inteligente en la zona de la Terminal Carlos Gardel.<\/p>\n","protected":false},"author":3,"featured_media":5565,"comment_status":"open","ping_status":"open","sticky":false,"template":"","format":"standard","meta":{"_eb_attr":"","footnotes":""},"categories":[16],"tags":[],"class_list":{"0":"post-5552","1":"post","2":"type-post","3":"status-publish","4":"format-standard","5":"has-post-thumbnail","7":"category-noticias"},"_links":{"self":[{"href":"https:\/\/tacuarembo.gub.uy\/index.php?rest_route=\/wp\/v2\/posts\/5552","targetHints":{"allow":["GET"]}}],"collection":[{"href":"https:\/\/tacuarembo.gub.uy\/index.php?rest_route=\/wp\/v2\/posts"}],"about":[{"href":"https:\/\/tacuarembo.gub.uy\/index.php?rest_route=\/wp\/v2\/types\/post"}],"author":[{"embeddable":true,"href":"https:\/\/tacuarembo.gub.uy\/index.php?rest_route=\/wp\/v2\/users\/3"}],"replies":[{"embeddable":true,"href":"https:\/\/tacuarembo.gub.uy\/index.php?rest_route=%2Fwp%2Fv2%2Fcomments&post=5552"}],"version-history":[{"count":1,"href":"https:\/\/tacuarembo.gub.uy\/index.php?rest_route=\/wp\/v2\/posts\/5552\/revisions"}],"predecessor-version":[{"id":5577,"href":"https:\/\/tacuarembo.gub.uy\/index.php?rest_route=\/wp\/v2\/posts\/5552\/revisions\/5577"}],"wp:featuredmedia":[{"embeddable":true,"href":"https:\/\/tacuarembo.gub.uy\/index.php?rest_route=\/wp\/v2\/media\/5565"}],"wp:attachment":[{"href":"https:\/\/tacuarembo.gub.uy\/index.php?rest_route=%2Fwp%2Fv2%2Fmedia&parent=5552"}],"wp:term":[{"taxonomy":"category","embeddable":true,"href":"https:\/\/tacuarembo.gub.uy\/index.php?rest_route=%2Fwp%2Fv2%2Fcategories&post=5552"},{"taxonomy":"post_tag","embeddable":true,"href":"https:\/\/tacuarembo.gub.uy\/index.php?rest_route=%2Fwp%2Fv2%2Ftags&post=5552"}],"curies":[{"name":"wp","href":"https:\/\/api.w.org\/{rel}","templated":true}]}}