{"id":5515,"date":"2019-12-03T19:34:09","date_gmt":"2019-12-03T22:34:09","guid":{"rendered":"https:\/\/tacuarembo.gub.uy\/?p=5515"},"modified":"2019-12-03T19:34:09","modified_gmt":"2019-12-03T22:34:09","slug":"el-ministerio-de-turismo-declaro-de-interes-nacional-a-la-34a-fiesta-de-la-patria-gaucha","status":"publish","type":"post","link":"https:\/\/tacuarembo.gub.uy\/?p=5515","title":{"rendered":"El Ministerio de Turismo declar\u00f3 de inter\u00e9s nacional a la 34\u00aa. Fiesta de la Patria Gaucha."},"content":{"rendered":"\n<p>Con fecha 29 de noviembre la secretaria de estado resolvi\u00f3 como lo hace todos los a\u00f1os declarar de inter\u00e9s ministerial al evento organizado por la Intendencia de Tacuaremb\u00f3 a trav\u00e9s de la comisi\u00f3n delegada por el se\u00f1or intendente Eber Da Rosa y que este a\u00f1o reconoce el rol hist\u00f3rico de los inmigrantes en el medio rural. En su parte resolutiva expresa: 1\u00ba. Decl\u00e1rese de Inter\u00e9s Ministerial la 34\u00aa.Edici\u00f3n de la \u201cFiesta de la Patria Gaucha\u201d, a realizarse entre los d\u00edas 3 al 8 de marzo de 2020, en el Departamento de Tacuaremb\u00f3. 2\u00ba. Comun\u00edquese a la Intendencia de Tacuaremb\u00f3.<\/p>\n\n\n\n<p><\/p>\n","protected":false},"excerpt":{"rendered":"<p>Con fecha 29 de noviembre la secretaria de estado resolvi\u00f3 como lo hace todos los a\u00f1os declarar de inter\u00e9s ministerial al evento organizado por la Intendencia de Tacuaremb\u00f3 a trav\u00e9s de la comisi\u00f3n delegada por el se\u00f1or intendente Eber Da Rosa y que este a\u00f1o reconoce el rol hist\u00f3rico de los inmigrantes en el medio rural<\/p>\n","protected":false},"author":3,"featured_media":5516,"comment_status":"open","ping_status":"open","sticky":false,"template":"","format":"standard","meta":{"_eb_attr":"","footnotes":""},"categories":[16],"tags":[],"class_list":{"0":"post-5515","1":"post","2":"type-post","3":"status-publish","4":"format-standard","5":"has-post-thumbnail","7":"category-noticias"},"_links":{"self":[{"href":"https:\/\/tacuarembo.gub.uy\/index.php?rest_route=\/wp\/v2\/posts\/5515","targetHints":{"allow":["GET"]}}],"collection":[{"href":"https:\/\/tacuarembo.gub.uy\/index.php?rest_route=\/wp\/v2\/posts"}],"about":[{"href":"https:\/\/tacuarembo.gub.uy\/index.php?rest_route=\/wp\/v2\/types\/post"}],"author":[{"embeddable":true,"href":"https:\/\/tacuarembo.gub.uy\/index.php?rest_route=\/wp\/v2\/users\/3"}],"replies":[{"embeddable":true,"href":"https:\/\/tacuarembo.gub.uy\/index.php?rest_route=%2Fwp%2Fv2%2Fcomments&post=5515"}],"version-history":[{"count":1,"href":"https:\/\/tacuarembo.gub.uy\/index.php?rest_route=\/wp\/v2\/posts\/5515\/revisions"}],"predecessor-version":[{"id":5517,"href":"https:\/\/tacuarembo.gub.uy\/index.php?rest_route=\/wp\/v2\/posts\/5515\/revisions\/5517"}],"wp:featuredmedia":[{"embeddable":true,"href":"https:\/\/tacuarembo.gub.uy\/index.php?rest_route=\/wp\/v2\/media\/5516"}],"wp:attachment":[{"href":"https:\/\/tacuarembo.gub.uy\/index.php?rest_route=%2Fwp%2Fv2%2Fmedia&parent=5515"}],"wp:term":[{"taxonomy":"category","embeddable":true,"href":"https:\/\/tacuarembo.gub.uy\/index.php?rest_route=%2Fwp%2Fv2%2Fcategories&post=5515"},{"taxonomy":"post_tag","embeddable":true,"href":"https:\/\/tacuarembo.gub.uy\/index.php?rest_route=%2Fwp%2Fv2%2Ftags&post=5515"}],"curies":[{"name":"wp","href":"https:\/\/api.w.org\/{rel}","templated":true}]}}