{"id":4950,"date":"2019-10-30T19:40:04","date_gmt":"2019-10-30T22:40:04","guid":{"rendered":"https:\/\/tacuarembo.gub.uy\/?p=4950"},"modified":"2019-10-30T19:40:04","modified_gmt":"2019-10-30T22:40:04","slug":"comite-de-emergencia","status":"publish","type":"post","link":"https:\/\/tacuarembo.gub.uy\/?p=4950","title":{"rendered":"Comit\u00e9 de Emergencia"},"content":{"rendered":"\n<p>En virtud de las intensas precipitaciones que superan los 150 mm en las \u00faltimas 48 horas, el Intendente Departamental Dr. Eber Da Rosa convoc\u00f3 al Comit\u00e9 de Emergencia, a los efectos de planificar, la contenci\u00f3n de los damnificados ante el desborde del arroyo Tacuaremb\u00f3 Chico.<\/p>\n\n\n\n<p>La reunioreuni\u00f3n se realizar\u00e1 a la hora 19.<\/p>\n\n\n\n<figure class=\"wp-block-image\"><img loading=\"lazy\" decoding=\"async\" width=\"480\" height=\"360\" src=\"https:\/\/tacuarembo.gub.uy\/wp-content\/uploads\/WhatsApp-Image-2019-10-30-at-17.43.52.jpeg\" alt=\"\" class=\"wp-image-4951\"\/><\/figure>\n\n\n\n<figure class=\"wp-block-image\"><img loading=\"lazy\" decoding=\"async\" width=\"480\" height=\"360\" src=\"https:\/\/tacuarembo.gub.uy\/wp-content\/uploads\/WhatsApp-Image-2019-10-30-at-17.43.43.jpeg\" alt=\"\" class=\"wp-image-4952\"\/><\/figure>\n\n\n\n<figure class=\"wp-block-image\"><img loading=\"lazy\" decoding=\"async\" width=\"600\" height=\"420\" src=\"https:\/\/tacuarembo.gub.uy\/wp-content\/uploads\/WhatsApp-Image-2019-10-30-at-17.43.38-1-600x420.jpeg\" alt=\"\" class=\"wp-image-4954\" srcset=\"https:\/\/tacuarembo.gub.uy\/wp-content\/uploads\/WhatsApp-Image-2019-10-30-at-17.43.38-1-600x420.jpeg 600w, https:\/\/tacuarembo.gub.uy\/wp-content\/uploads\/WhatsApp-Image-2019-10-30-at-17.43.38-1-200x140.jpeg 200w\" sizes=\"auto, (max-width: 600px) 100vw, 600px\" \/><\/figure>\n","protected":false},"excerpt":{"rendered":"<p>En virtud de las intensas precipitaciones que superan los 150 mm en las \u00faltimas 48 horas, el Intendente Departamental Dr. Eber Da Rosa convoc\u00f3 al Comit\u00e9 de Emergencia, a los efectos de planificar, la contenci\u00f3n de los damnificados ante el desborde del arroyo Tacuaremb\u00f3 Chico.<\/p>\n","protected":false},"author":3,"featured_media":4951,"comment_status":"open","ping_status":"open","sticky":false,"template":"","format":"standard","meta":{"_eb_attr":"","footnotes":""},"categories":[16],"tags":[],"class_list":{"0":"post-4950","1":"post","2":"type-post","3":"status-publish","4":"format-standard","5":"has-post-thumbnail","7":"category-noticias"},"_links":{"self":[{"href":"https:\/\/tacuarembo.gub.uy\/index.php?rest_route=\/wp\/v2\/posts\/4950","targetHints":{"allow":["GET"]}}],"collection":[{"href":"https:\/\/tacuarembo.gub.uy\/index.php?rest_route=\/wp\/v2\/posts"}],"about":[{"href":"https:\/\/tacuarembo.gub.uy\/index.php?rest_route=\/wp\/v2\/types\/post"}],"author":[{"embeddable":true,"href":"https:\/\/tacuarembo.gub.uy\/index.php?rest_route=\/wp\/v2\/users\/3"}],"replies":[{"embeddable":true,"href":"https:\/\/tacuarembo.gub.uy\/index.php?rest_route=%2Fwp%2Fv2%2Fcomments&post=4950"}],"version-history":[{"count":1,"href":"https:\/\/tacuarembo.gub.uy\/index.php?rest_route=\/wp\/v2\/posts\/4950\/revisions"}],"predecessor-version":[{"id":4955,"href":"https:\/\/tacuarembo.gub.uy\/index.php?rest_route=\/wp\/v2\/posts\/4950\/revisions\/4955"}],"wp:featuredmedia":[{"embeddable":true,"href":"https:\/\/tacuarembo.gub.uy\/index.php?rest_route=\/wp\/v2\/media\/4951"}],"wp:attachment":[{"href":"https:\/\/tacuarembo.gub.uy\/index.php?rest_route=%2Fwp%2Fv2%2Fmedia&parent=4950"}],"wp:term":[{"taxonomy":"category","embeddable":true,"href":"https:\/\/tacuarembo.gub.uy\/index.php?rest_route=%2Fwp%2Fv2%2Fcategories&post=4950"},{"taxonomy":"post_tag","embeddable":true,"href":"https:\/\/tacuarembo.gub.uy\/index.php?rest_route=%2Fwp%2Fv2%2Ftags&post=4950"}],"curies":[{"name":"wp","href":"https:\/\/api.w.org\/{rel}","templated":true}]}}