{"id":4926,"date":"2019-10-30T08:33:00","date_gmt":"2019-10-30T11:33:00","guid":{"rendered":"https:\/\/tacuarembo.gub.uy\/?p=4926"},"modified":"2019-10-30T08:33:00","modified_gmt":"2019-10-30T11:33:00","slug":"concurso-literario-tomas-de-mattos","status":"publish","type":"post","link":"https:\/\/tacuarembo.gub.uy\/?p=4926","title":{"rendered":"Concurso Literario \u201cTom\u00e1s de Mattos\u201d"},"content":{"rendered":"\n<p>Como ya se ha venido difundiendo por parte de la\nIntendencia, se realizar\u00e1 el Concurso Literario \u201cTom\u00e1s de Mattos\u201d dirigido a\nj\u00f3venes de 14 a 29 a\u00f1os, g\u00e9nero narrativo y l\u00edrico, recordando que el plazo de\ncierre para la entrega de los trabajos es el jueves 31 de octubre, inclusive,\nen local 003 (Galer\u00eda Catedral), organiza Intendencia de Tacuaremb\u00f3 con Dir. de\nJuventud, apoya DEVERA Club del Libro, Galer\u00eda de Arte y Dise\u00f1o.<\/p>\n","protected":false},"excerpt":{"rendered":"<p>Como ya se ha venido difundiendo por parte de la Intendencia, se realizar\u00e1 el Concurso Literario \u201cTom\u00e1s de Mattos\u201d dirigido a j\u00f3venes de 14 a 29 a\u00f1os, g\u00e9nero narrativo y l\u00edrico, recordando que el plazo de cierre para la entrega de los trabajos es el jueves 31 de octubre, inclusive, en local 003 (Galer\u00eda Catedral), organiza Intendencia de Tacuaremb\u00f3 con Dir. de Juventud, apoya DEVERA Club del Libro, Galer\u00eda de Arte y Dise\u00f1o.<\/p>\n","protected":false},"author":3,"featured_media":4927,"comment_status":"open","ping_status":"open","sticky":false,"template":"","format":"standard","meta":{"_eb_attr":"","footnotes":""},"categories":[16],"tags":[],"class_list":{"0":"post-4926","1":"post","2":"type-post","3":"status-publish","4":"format-standard","5":"has-post-thumbnail","7":"category-noticias"},"_links":{"self":[{"href":"https:\/\/tacuarembo.gub.uy\/index.php?rest_route=\/wp\/v2\/posts\/4926","targetHints":{"allow":["GET"]}}],"collection":[{"href":"https:\/\/tacuarembo.gub.uy\/index.php?rest_route=\/wp\/v2\/posts"}],"about":[{"href":"https:\/\/tacuarembo.gub.uy\/index.php?rest_route=\/wp\/v2\/types\/post"}],"author":[{"embeddable":true,"href":"https:\/\/tacuarembo.gub.uy\/index.php?rest_route=\/wp\/v2\/users\/3"}],"replies":[{"embeddable":true,"href":"https:\/\/tacuarembo.gub.uy\/index.php?rest_route=%2Fwp%2Fv2%2Fcomments&post=4926"}],"version-history":[{"count":1,"href":"https:\/\/tacuarembo.gub.uy\/index.php?rest_route=\/wp\/v2\/posts\/4926\/revisions"}],"predecessor-version":[{"id":4928,"href":"https:\/\/tacuarembo.gub.uy\/index.php?rest_route=\/wp\/v2\/posts\/4926\/revisions\/4928"}],"wp:featuredmedia":[{"embeddable":true,"href":"https:\/\/tacuarembo.gub.uy\/index.php?rest_route=\/wp\/v2\/media\/4927"}],"wp:attachment":[{"href":"https:\/\/tacuarembo.gub.uy\/index.php?rest_route=%2Fwp%2Fv2%2Fmedia&parent=4926"}],"wp:term":[{"taxonomy":"category","embeddable":true,"href":"https:\/\/tacuarembo.gub.uy\/index.php?rest_route=%2Fwp%2Fv2%2Fcategories&post=4926"},{"taxonomy":"post_tag","embeddable":true,"href":"https:\/\/tacuarembo.gub.uy\/index.php?rest_route=%2Fwp%2Fv2%2Ftags&post=4926"}],"curies":[{"name":"wp","href":"https:\/\/api.w.org\/{rel}","templated":true}]}}