{"id":4922,"date":"2019-10-29T14:16:44","date_gmt":"2019-10-29T17:16:44","guid":{"rendered":"https:\/\/tacuarembo.gub.uy\/?p=4922"},"modified":"2019-10-29T14:17:32","modified_gmt":"2019-10-29T17:17:32","slug":"duo-washington-y-cristina-se-presentara-este-jueves-en-la-sala-brocco","status":"publish","type":"post","link":"https:\/\/tacuarembo.gub.uy\/?p=4922","title":{"rendered":"D\u00fao Washington y Cristina se presentar\u00e1 este jueves en la Sala Brocco"},"content":{"rendered":"\n<p>La Intendencia de Tacuaremb\u00f3 a trav\u00e9s de la Direcci\u00f3n General de Educaci\u00f3n y Cultura, presenta en Sala Brocco el pr\u00f3ximo jueves 31 de octubre a las 20 horas la actuaci\u00f3n del d\u00fao Washington y Cristina, totalmente gratuito, en el marco del programa \u201cCirculaci\u00f3n Ruta 5\u201d respaldado por la Direcci\u00f3n Nacional de Cultura.<\/p>\n\n\n\n<p><strong>PERFILES DEL GRUPO:<\/strong><\/p>\n\n\n\n<p>Washington Carrasco (7 de diciembre de 1941) Montevideo, es m\u00fasico, compositor, cantante popular uruguayo y artista pl\u00e1stico.<br>Comenz\u00f3 su carrera solista en 1964. Estudi\u00f3 guitarra con Daniel Viglietti y Demetrio Assuma, y sus profesores de canto fueron Nelly Pacheco y Mabel Moreira. En 1967 viaja a Chile y es part\u00edcipe del movimiento de la Nueva Canci\u00f3n junto a artistas como V\u00edctor Jara, Patricio Mans, Isabel y \u00c1ngel Parra.<br>A partir de 1968 edita 8 LP como solista y 5 m\u00e1s junto a destacados artistas de la m\u00fasica popular. Con 12 a\u00f1os de trayectoria solista, en 1976 conforma el d\u00fao con Cristina Fern\u00e1ndez, que este 2019 transita 43 a\u00f1os de trayectoria.<br>En 2019, Washington Carrasco transita sus 55 a\u00f1os de trayectoria.<\/p>\n\n\n\n<p>Alterna su actividad art\u00edstica en la m\u00fasica, la pintura, la composici\u00f3n con otras actividades ligadas a la cultura. Es el Secretario de la Fundaci\u00f3n Mario Benedetti.<\/p>\n","protected":false},"excerpt":{"rendered":"<p>La Intendencia de Tacuaremb\u00f3 a trav\u00e9s de la Direcci\u00f3n General de Educaci\u00f3n y Cultura, presenta en Sala Brocco el pr\u00f3ximo jueves 31 de octubre a las 20 horas la actuaci\u00f3n del d\u00fao Washington y Cristina, totalmente gratuito, en el marco del programa \u201cCirculaci\u00f3n Ruta 5\u201d respaldado por la Direcci\u00f3n Nacional de Cultura.<\/p>\n","protected":false},"author":3,"featured_media":4923,"comment_status":"open","ping_status":"open","sticky":false,"template":"","format":"standard","meta":{"_eb_attr":"","footnotes":""},"categories":[16],"tags":[],"class_list":{"0":"post-4922","1":"post","2":"type-post","3":"status-publish","4":"format-standard","5":"has-post-thumbnail","7":"category-noticias"},"_links":{"self":[{"href":"https:\/\/tacuarembo.gub.uy\/index.php?rest_route=\/wp\/v2\/posts\/4922","targetHints":{"allow":["GET"]}}],"collection":[{"href":"https:\/\/tacuarembo.gub.uy\/index.php?rest_route=\/wp\/v2\/posts"}],"about":[{"href":"https:\/\/tacuarembo.gub.uy\/index.php?rest_route=\/wp\/v2\/types\/post"}],"author":[{"embeddable":true,"href":"https:\/\/tacuarembo.gub.uy\/index.php?rest_route=\/wp\/v2\/users\/3"}],"replies":[{"embeddable":true,"href":"https:\/\/tacuarembo.gub.uy\/index.php?rest_route=%2Fwp%2Fv2%2Fcomments&post=4922"}],"version-history":[{"count":2,"href":"https:\/\/tacuarembo.gub.uy\/index.php?rest_route=\/wp\/v2\/posts\/4922\/revisions"}],"predecessor-version":[{"id":4925,"href":"https:\/\/tacuarembo.gub.uy\/index.php?rest_route=\/wp\/v2\/posts\/4922\/revisions\/4925"}],"wp:featuredmedia":[{"embeddable":true,"href":"https:\/\/tacuarembo.gub.uy\/index.php?rest_route=\/wp\/v2\/media\/4923"}],"wp:attachment":[{"href":"https:\/\/tacuarembo.gub.uy\/index.php?rest_route=%2Fwp%2Fv2%2Fmedia&parent=4922"}],"wp:term":[{"taxonomy":"category","embeddable":true,"href":"https:\/\/tacuarembo.gub.uy\/index.php?rest_route=%2Fwp%2Fv2%2Fcategories&post=4922"},{"taxonomy":"post_tag","embeddable":true,"href":"https:\/\/tacuarembo.gub.uy\/index.php?rest_route=%2Fwp%2Fv2%2Ftags&post=4922"}],"curies":[{"name":"wp","href":"https:\/\/api.w.org\/{rel}","templated":true}]}}