{"id":4871,"date":"2019-10-23T14:56:36","date_gmt":"2019-10-23T17:56:36","guid":{"rendered":"https:\/\/tacuarembo.gub.uy\/?p=4871"},"modified":"2019-10-23T14:56:36","modified_gmt":"2019-10-23T17:56:36","slug":"la-casa-de-la-cultura-celebro-sus-75-anos","status":"publish","type":"post","link":"https:\/\/tacuarembo.gub.uy\/?p=4871","title":{"rendered":"La casa de la cultura celebr\u00f3 sus 75 a\u00f1os"},"content":{"rendered":"\n<p>Con la presencia del Intendente Eber Da Rosa se desarrollaron los actos conmemorativos que comenzaron con un concierto de la Orquesta Tacuaremb\u00f3 que tuvo la participaci\u00f3n del Grupo \u00bb Pasi\u00f3n de Tango\u00bb recientemente premiado en Buenos Aires, hubo un reconocimiento a la trayectoria de los directores de orquesta Victor Amaral y H\u00e9ctor Sosa, tambi\u00e9n se cumpli\u00f3 con un minuto de silencio ante el fallecimiento del tallerista de cer\u00e1mica Jos\u00e9 Legelen, hubo una entrega de reconocimientos a ex &#8211; alumnos del Conservatorio Municipal de M\u00fasica entre ellos Pedro Gallego, Sonia Childe, Celesta Vallejo. \u00cdrida Silveira, Rosa Sugo, Elsa Su\u00e1rez,Marisa Fontes, Lucely Pereira Fonseca y Heber Rosado , muchos de ellos presentes como se puede observar en la galer\u00eda fotogr\u00e1fica que acompa\u00f1a este articulo y otros por razones especiales no pudieron estar. Previo a la Inauguraci\u00f3n de la Galer\u00eda del Patrimonio que contar\u00e1 con la muestra de mu\u00f1ecas de la maestra Neffer Gonz\u00e1lez entre otras im\u00e1genes que son identidad departamental y hacen a la vida cultural de nuestro Tacuaremb\u00f3. El Correo Uruguayo se sum\u00f3 con un matasello conmemorativo por los 75 a\u00f1os de la Casa de la Cultura, el Dr. Eber Da Rosa en su rol de Intendente Departamental comparti\u00f3 un mensaje destacando el plan cultural que viene impulsando en la gesti\u00f3n, acercando propuestas culturales a los centros poblados y municipios y motivando el desarrollo de propuestas. Esta celebraci\u00f3n culmin\u00f3 con la apertura de la muestra del escultor riverense Fernando Pereira, ubicada en el patio denominada \u00bb LINEAS DE UN ANDADOR\u00bb, los fr\u00e1giles seres de hierro, se pudo observar una intervenci\u00f3n art\u00edstica d\u00f3nde el creador elije un material noble, el hierro, r\u00edgido y pesado y lo vuelve con sus dise\u00f1os pl\u00e1stico y leve creando vol\u00famenes y formas en el vaci\u00f3 y permite seguir el hilo de construcci\u00f3n en nuestras mentes siendo la figura humana la referente, con personajes que emergen de la observaci\u00f3n de la vida. Esta galer\u00eda y exposici\u00f3n estar\u00e1n abiertas al p\u00fablico en general durante el horario habitual de atenci\u00f3n de la Direcci\u00f3n General de Educaci\u00f3n y Cultura.<\/p>\n\n\n\n<figure class=\"wp-block-image\"><img loading=\"lazy\" decoding=\"async\" width=\"800\" height=\"420\" src=\"https:\/\/tacuarembo.gub.uy\/wp-content\/uploads\/26EB304B-8704-4C1D-980C-D2C1DD2A738A-1-800x420.jpeg\" alt=\"\" class=\"wp-image-4874\"\/><\/figure>\n\n\n\n<figure class=\"wp-block-image\"><img loading=\"lazy\" decoding=\"async\" width=\"800\" height=\"420\" src=\"https:\/\/tacuarembo.gub.uy\/wp-content\/uploads\/040325B5-D525-4E3F-8511-285BD9AFB0A9-800x420.jpeg\" alt=\"\" class=\"wp-image-4873\"\/><\/figure>\n\n\n\n<figure class=\"wp-block-image\"><img loading=\"lazy\" decoding=\"async\" width=\"800\" height=\"420\" src=\"https:\/\/tacuarembo.gub.uy\/wp-content\/uploads\/AC5027C9-288A-4F90-A4BD-D468536CC906-800x420.jpeg\" alt=\"\" class=\"wp-image-4876\"\/><\/figure>\n\n\n\n<figure class=\"wp-block-image\"><img loading=\"lazy\" decoding=\"async\" width=\"800\" height=\"420\" src=\"https:\/\/tacuarembo.gub.uy\/wp-content\/uploads\/07E128C0-A99F-492E-898D-E1870F9C4BFD-800x420.jpeg\" alt=\"\" class=\"wp-image-4875\"\/><\/figure>\n\n\n\n<figure class=\"wp-block-image\"><img loading=\"lazy\" decoding=\"async\" width=\"800\" height=\"420\" src=\"https:\/\/tacuarembo.gub.uy\/wp-content\/uploads\/F3488213-4B7C-4C01-A440-1006D3147F73-800x420.jpeg\" alt=\"\" class=\"wp-image-4878\"\/><\/figure>\n\n\n\n<figure class=\"wp-block-image\"><img loading=\"lazy\" decoding=\"async\" width=\"800\" height=\"420\" src=\"https:\/\/tacuarembo.gub.uy\/wp-content\/uploads\/50373AC8-9F28-4D52-A180-D9B2718B4180-800x420.jpeg\" alt=\"\" class=\"wp-image-4877\"\/><\/figure>\n\n\n\n<figure class=\"wp-block-image\"><img loading=\"lazy\" decoding=\"async\" width=\"800\" height=\"420\" src=\"https:\/\/tacuarembo.gub.uy\/wp-content\/uploads\/97CE7475-A10F-4EE8-A24D-735EB250190D-800x420.jpeg\" alt=\"\" class=\"wp-image-4882\"\/><\/figure>\n\n\n\n<figure class=\"wp-block-image\"><img loading=\"lazy\" decoding=\"async\" width=\"800\" height=\"420\" src=\"https:\/\/tacuarembo.gub.uy\/wp-content\/uploads\/FA420C5F-5E3E-476A-B4B6-010C30408C88-800x420.jpeg\" alt=\"\" class=\"wp-image-4879\"\/><\/figure>\n\n\n\n<figure class=\"wp-block-image\"><img loading=\"lazy\" decoding=\"async\" width=\"800\" height=\"420\" src=\"https:\/\/tacuarembo.gub.uy\/wp-content\/uploads\/0EA4F49C-D09A-40E0-88D7-6704E0C06880-800x420.jpeg\" alt=\"\" class=\"wp-image-4884\"\/><\/figure>\n\n\n\n<figure class=\"wp-block-image\"><img loading=\"lazy\" decoding=\"async\" width=\"800\" height=\"420\" src=\"https:\/\/tacuarembo.gub.uy\/wp-content\/uploads\/C699E2EF-7EE3-47AA-8085-B52C68A5808B-800x420.jpeg\" alt=\"\" class=\"wp-image-4880\"\/><\/figure>\n\n\n\n<figure class=\"wp-block-image\"><img loading=\"lazy\" decoding=\"async\" width=\"800\" height=\"420\" src=\"https:\/\/tacuarembo.gub.uy\/wp-content\/uploads\/3C561C04-13EE-4F9F-9C3C-918193B75D41-800x420.jpeg\" alt=\"\" class=\"wp-image-4881\"\/><\/figure>\n\n\n\n<figure class=\"wp-block-image\"><img loading=\"lazy\" decoding=\"async\" width=\"800\" height=\"420\" src=\"https:\/\/tacuarembo.gub.uy\/wp-content\/uploads\/2FD5ADA8-72A6-4F96-9887-902EA19C880C-800x420.jpeg\" alt=\"\" class=\"wp-image-4883\"\/><\/figure>\n\n\n\n<figure class=\"wp-block-image\"><img loading=\"lazy\" decoding=\"async\" width=\"800\" height=\"420\" src=\"https:\/\/tacuarembo.gub.uy\/wp-content\/uploads\/5CFB956C-1C30-44C1-B975-94552D84AC8E-800x420.jpeg\" alt=\"\" class=\"wp-image-4885\"\/><\/figure>\n\n\n\n<figure class=\"wp-block-image\"><img loading=\"lazy\" decoding=\"async\" width=\"800\" height=\"420\" src=\"https:\/\/tacuarembo.gub.uy\/wp-content\/uploads\/EDC7E0F3-F603-40CA-8B26-19A09AB6EE19-800x420.jpeg\" alt=\"\" class=\"wp-image-4886\"\/><\/figure>\n\n\n\n<figure class=\"wp-block-image\"><img decoding=\"async\" src=\"blob:https:\/\/tacuarembo.gub.uy\/ba6ddcb8-6569-4598-a4df-54cfa5b654ff\" alt=\"\"\/><\/figure>\n\n\n\n<figure class=\"wp-block-image\"><img decoding=\"async\" src=\"blob:https:\/\/tacuarembo.gub.uy\/d38255e2-7812-4233-a88c-59813a0e2782\" alt=\"\"\/><\/figure>\n\n\n\n<figure class=\"wp-block-image\"><img loading=\"lazy\" decoding=\"async\" width=\"800\" height=\"420\" src=\"https:\/\/tacuarembo.gub.uy\/wp-content\/uploads\/0F06BD3C-30CC-4794-BCCA-A1E5CC1F738A-800x420.jpeg\" alt=\"\" class=\"wp-image-4887\"\/><\/figure>\n","protected":false},"excerpt":{"rendered":"<p>Con la presencia del Intendente Eber Da Rosa se desarrollaron los actos conmemorativos que comenzaron con un concierto de la Orquesta Tacuaremb\u00f3 que tuvo la participaci\u00f3n del Grupo \u00bb Pasi\u00f3n de Tango\u00bb recientemente premiado en Buenos Aires, hubo un reconocimiento a la trayectoria de los directores de orquesta Victor Amaral y H\u00e9ctor Sosa<\/p>\n","protected":false},"author":3,"featured_media":4882,"comment_status":"open","ping_status":"open","sticky":false,"template":"","format":"standard","meta":{"_eb_attr":"","footnotes":""},"categories":[16],"tags":[],"class_list":{"0":"post-4871","1":"post","2":"type-post","3":"status-publish","4":"format-standard","5":"has-post-thumbnail","7":"category-noticias"},"_links":{"self":[{"href":"https:\/\/tacuarembo.gub.uy\/index.php?rest_route=\/wp\/v2\/posts\/4871","targetHints":{"allow":["GET"]}}],"collection":[{"href":"https:\/\/tacuarembo.gub.uy\/index.php?rest_route=\/wp\/v2\/posts"}],"about":[{"href":"https:\/\/tacuarembo.gub.uy\/index.php?rest_route=\/wp\/v2\/types\/post"}],"author":[{"embeddable":true,"href":"https:\/\/tacuarembo.gub.uy\/index.php?rest_route=\/wp\/v2\/users\/3"}],"replies":[{"embeddable":true,"href":"https:\/\/tacuarembo.gub.uy\/index.php?rest_route=%2Fwp%2Fv2%2Fcomments&post=4871"}],"version-history":[{"count":2,"href":"https:\/\/tacuarembo.gub.uy\/index.php?rest_route=\/wp\/v2\/posts\/4871\/revisions"}],"predecessor-version":[{"id":4898,"href":"https:\/\/tacuarembo.gub.uy\/index.php?rest_route=\/wp\/v2\/posts\/4871\/revisions\/4898"}],"wp:featuredmedia":[{"embeddable":true,"href":"https:\/\/tacuarembo.gub.uy\/index.php?rest_route=\/wp\/v2\/media\/4882"}],"wp:attachment":[{"href":"https:\/\/tacuarembo.gub.uy\/index.php?rest_route=%2Fwp%2Fv2%2Fmedia&parent=4871"}],"wp:term":[{"taxonomy":"category","embeddable":true,"href":"https:\/\/tacuarembo.gub.uy\/index.php?rest_route=%2Fwp%2Fv2%2Fcategories&post=4871"},{"taxonomy":"post_tag","embeddable":true,"href":"https:\/\/tacuarembo.gub.uy\/index.php?rest_route=%2Fwp%2Fv2%2Ftags&post=4871"}],"curies":[{"name":"wp","href":"https:\/\/api.w.org\/{rel}","templated":true}]}}