{"id":4868,"date":"2019-10-23T12:59:40","date_gmt":"2019-10-23T15:59:40","guid":{"rendered":"https:\/\/tacuarembo.gub.uy\/?p=4868"},"modified":"2019-10-23T12:59:40","modified_gmt":"2019-10-23T15:59:40","slug":"la-idt-saluda-a-los-periodistas-y-trabajadores-de-los-medios-en-su-dia","status":"publish","type":"post","link":"https:\/\/tacuarembo.gub.uy\/?p=4868","title":{"rendered":"La IDT saluda a los periodistas y trabajadores de los Medios en su d\u00eda"},"content":{"rendered":"\n<p>Hoy 23 de octubre se celebra el DIA DEL PERIODISTA y del TRABAJADOR  DE LOS MEDIOS DE COMUNICACI\u00d3N en Uruguay. Desde la Intendencia Departamental de Tacuaremb\u00f3 compartimos un afectuoso saludo, a todos quienes d\u00eda a d\u00eda, trabajan para que la poblaci\u00f3n est\u00e9 informada y difunden nuestra gesti\u00f3n.<\/p>\n","protected":false},"excerpt":{"rendered":"<p>Hoy 23 de octubre se celebra el DIA DEL PERIODISTA y del TRABAJADOR  DE LOS MEDIOS DE COMUNICACI\u00d3N en Uruguay. Desde la Intendencia Departamental de Tacuaremb\u00f3 compartimos un afectuoso saludo, a todos quienes d\u00eda a d\u00eda, trabajan para que la poblaci\u00f3n est\u00e9 informada y difunden nuestra gesti\u00f3n.<\/p>\n","protected":false},"author":3,"featured_media":4869,"comment_status":"open","ping_status":"open","sticky":false,"template":"","format":"standard","meta":{"_eb_attr":"","footnotes":""},"categories":[16],"tags":[],"class_list":{"0":"post-4868","1":"post","2":"type-post","3":"status-publish","4":"format-standard","5":"has-post-thumbnail","7":"category-noticias"},"_links":{"self":[{"href":"https:\/\/tacuarembo.gub.uy\/index.php?rest_route=\/wp\/v2\/posts\/4868","targetHints":{"allow":["GET"]}}],"collection":[{"href":"https:\/\/tacuarembo.gub.uy\/index.php?rest_route=\/wp\/v2\/posts"}],"about":[{"href":"https:\/\/tacuarembo.gub.uy\/index.php?rest_route=\/wp\/v2\/types\/post"}],"author":[{"embeddable":true,"href":"https:\/\/tacuarembo.gub.uy\/index.php?rest_route=\/wp\/v2\/users\/3"}],"replies":[{"embeddable":true,"href":"https:\/\/tacuarembo.gub.uy\/index.php?rest_route=%2Fwp%2Fv2%2Fcomments&post=4868"}],"version-history":[{"count":1,"href":"https:\/\/tacuarembo.gub.uy\/index.php?rest_route=\/wp\/v2\/posts\/4868\/revisions"}],"predecessor-version":[{"id":4870,"href":"https:\/\/tacuarembo.gub.uy\/index.php?rest_route=\/wp\/v2\/posts\/4868\/revisions\/4870"}],"wp:featuredmedia":[{"embeddable":true,"href":"https:\/\/tacuarembo.gub.uy\/index.php?rest_route=\/wp\/v2\/media\/4869"}],"wp:attachment":[{"href":"https:\/\/tacuarembo.gub.uy\/index.php?rest_route=%2Fwp%2Fv2%2Fmedia&parent=4868"}],"wp:term":[{"taxonomy":"category","embeddable":true,"href":"https:\/\/tacuarembo.gub.uy\/index.php?rest_route=%2Fwp%2Fv2%2Fcategories&post=4868"},{"taxonomy":"post_tag","embeddable":true,"href":"https:\/\/tacuarembo.gub.uy\/index.php?rest_route=%2Fwp%2Fv2%2Ftags&post=4868"}],"curies":[{"name":"wp","href":"https:\/\/api.w.org\/{rel}","templated":true}]}}