{"id":486,"date":"2018-09-29T02:05:58","date_gmt":"2018-09-29T02:05:58","guid":{"rendered":"https:\/\/tacuarembo.gub.uy\/?p=486"},"modified":"2018-09-29T02:06:12","modified_gmt":"2018-09-29T02:06:12","slug":"fue-inaugurada-la-muestra-munecos-del-mundo","status":"publish","type":"post","link":"https:\/\/tacuarembo.gub.uy\/?p=486","title":{"rendered":"Fue Inaugurada la Muestra \u201cMu\u00f1ecos del Mundo\u201d"},"content":{"rendered":"<p>Numeroso P\u00fablico acompa\u00f1\u00f3 el acto cultural en Club Tacuaremb\u00f3 d\u00f3nde la maestra Neffert Gonzalez cedi\u00f3 su colecci\u00f3n a la Intendencia Departamental. Se trata de una muestra de 400 ejemplares que qued\u00f3 habilitada para quienes deseen visitarla en una de las salas de esta instituci\u00f3n. Este emotivo momento cont\u00f3 con la presencia del Intendente Departamental Dr Eber da Rosa junto al grupo de amigos de la maestra, que colm\u00f3 las instalaciones de la sala.<\/p>\n","protected":false},"excerpt":{"rendered":"<p>Numeroso P\u00fablico acompa\u00f1\u00f3 el acto cultural en Club Tacuaremb\u00f3 d\u00f3nde la maestra Neffert Gonzalez cedi\u00f3 su colecci\u00f3n a la Intendencia Departamental. Se trata de una muestra de 400 ejemplares que qued\u00f3 habilitada para quienes deseen visitarla en una de las salas de esta instituci\u00f3n. Este emotivo momento cont\u00f3 con la presencia del Intendente Departamental Dr Eber da Rosa junto al grupo de amigos de la maestra, que colm\u00f3 las instalaciones de la sala.<\/p>\n","protected":false},"author":3,"featured_media":487,"comment_status":"open","ping_status":"open","sticky":false,"template":"","format":"standard","meta":{"_eb_attr":"","footnotes":""},"categories":[16],"tags":[],"class_list":{"0":"post-486","1":"post","2":"type-post","3":"status-publish","4":"format-standard","5":"has-post-thumbnail","7":"category-noticias"},"_links":{"self":[{"href":"https:\/\/tacuarembo.gub.uy\/index.php?rest_route=\/wp\/v2\/posts\/486","targetHints":{"allow":["GET"]}}],"collection":[{"href":"https:\/\/tacuarembo.gub.uy\/index.php?rest_route=\/wp\/v2\/posts"}],"about":[{"href":"https:\/\/tacuarembo.gub.uy\/index.php?rest_route=\/wp\/v2\/types\/post"}],"author":[{"embeddable":true,"href":"https:\/\/tacuarembo.gub.uy\/index.php?rest_route=\/wp\/v2\/users\/3"}],"replies":[{"embeddable":true,"href":"https:\/\/tacuarembo.gub.uy\/index.php?rest_route=%2Fwp%2Fv2%2Fcomments&post=486"}],"version-history":[{"count":1,"href":"https:\/\/tacuarembo.gub.uy\/index.php?rest_route=\/wp\/v2\/posts\/486\/revisions"}],"predecessor-version":[{"id":488,"href":"https:\/\/tacuarembo.gub.uy\/index.php?rest_route=\/wp\/v2\/posts\/486\/revisions\/488"}],"wp:featuredmedia":[{"embeddable":true,"href":"https:\/\/tacuarembo.gub.uy\/index.php?rest_route=\/wp\/v2\/media\/487"}],"wp:attachment":[{"href":"https:\/\/tacuarembo.gub.uy\/index.php?rest_route=%2Fwp%2Fv2%2Fmedia&parent=486"}],"wp:term":[{"taxonomy":"category","embeddable":true,"href":"https:\/\/tacuarembo.gub.uy\/index.php?rest_route=%2Fwp%2Fv2%2Fcategories&post=486"},{"taxonomy":"post_tag","embeddable":true,"href":"https:\/\/tacuarembo.gub.uy\/index.php?rest_route=%2Fwp%2Fv2%2Ftags&post=486"}],"curies":[{"name":"wp","href":"https:\/\/api.w.org\/{rel}","templated":true}]}}