{"id":4804,"date":"2019-10-17T19:44:25","date_gmt":"2019-10-17T22:44:25","guid":{"rendered":"https:\/\/tacuarembo.gub.uy\/?p=4804"},"modified":"2019-10-17T19:44:25","modified_gmt":"2019-10-17T22:44:25","slug":"se-anuncio-el-partido-despedida-del-mensajero-del-gol-aldo-diaz","status":"publish","type":"post","link":"https:\/\/tacuarembo.gub.uy\/?p=4804","title":{"rendered":"Se anunci\u00f3 el Partido \u201cDESPEDIDA\u201d del Mensajero del Gol. Aldo D\u00edaz"},"content":{"rendered":"\n<p>El eterno goleador del TFC tendr\u00e1 su partido de despedida el pr\u00f3ximo 14 de diciembre en el Estadio Goyenola. Asistir\u00e1n grandes figuras de nuestro f\u00fatbol entre ellas, el \u201cChino\u201d \u00c1lvaro Recoba, Antonio \u201cTony\u201d Pacheco, Ivan Alonso adem\u00e1s de quienes supieron compartir vestuario con el isabelino que se ha transformado en el goleador hist\u00f3rico de la camiseta rojiblanca en competencias profesionales.<\/p>\n\n\n\n<figure class=\"wp-block-image\"><img loading=\"lazy\" decoding=\"async\" width=\"800\" height=\"420\" src=\"https:\/\/tacuarembo.gub.uy\/wp-content\/uploads\/WhatsApp-Image-2019-10-17-at-19.09.11-800x420.jpeg\" alt=\"\" class=\"wp-image-4805\"\/><\/figure>\n\n\n\n<figure class=\"wp-block-image\"><img loading=\"lazy\" decoding=\"async\" width=\"800\" height=\"420\" src=\"https:\/\/tacuarembo.gub.uy\/wp-content\/uploads\/WhatsApp-Image-2019-10-17-at-19.08.56-1-800x420.jpeg\" alt=\"\" class=\"wp-image-4809\"\/><\/figure>\n\n\n\n<figure class=\"wp-block-image\"><img loading=\"lazy\" decoding=\"async\" width=\"800\" height=\"420\" src=\"https:\/\/tacuarembo.gub.uy\/wp-content\/uploads\/WhatsApp-Image-2019-10-17-at-19.08.04-800x420.jpeg\" alt=\"\" class=\"wp-image-4807\"\/><\/figure>\n\n\n\n<figure class=\"wp-block-image\"><img loading=\"lazy\" decoding=\"async\" width=\"800\" height=\"420\" src=\"https:\/\/tacuarembo.gub.uy\/wp-content\/uploads\/WhatsApp-Image-2019-10-17-at-19.07.35-800x420.jpeg\" alt=\"\" class=\"wp-image-4808\"\/><\/figure>\n\n\n\n<figure class=\"wp-block-image\"><img loading=\"lazy\" decoding=\"async\" width=\"800\" height=\"420\" src=\"https:\/\/tacuarembo.gub.uy\/wp-content\/uploads\/WhatsApp-Image-2019-10-17-at-19.07.26-800x420.jpeg\" alt=\"\" class=\"wp-image-4810\"\/><\/figure>\n\n\n\n<iframe loading=\"lazy\" width=\"729\" height=\"410\" src=\"https:\/\/www.youtube.com\/embed\/dJhsDLh_9MI\" frameborder=\"0\" allow=\"accelerometer; autoplay; encrypted-media; gyroscope; picture-in-picture\" allowfullscreen><\/iframe>\n","protected":false},"excerpt":{"rendered":"<p>El eterno goleador del TFC tendr\u00e1 su partido de despedida el pr\u00f3ximo 14 de diciembre en el Estadio Goyenola. Asistir\u00e1n grandes figuras de nuestro f\u00fatbol entre ellas, el \u201cChino\u201d \u00c1lvaro Recoba, Antonio \u201cTony\u201d Pacheco, Ivan Alonso adem\u00e1s de quienes supieron compartir vestuario con el isabelino que se ha transformado en el goleador hist\u00f3rico de la camiseta rojiblanca en competencias profesionales.<\/p>\n","protected":false},"author":3,"featured_media":4812,"comment_status":"open","ping_status":"open","sticky":false,"template":"","format":"standard","meta":{"_eb_attr":"","footnotes":""},"categories":[16],"tags":[],"class_list":{"0":"post-4804","1":"post","2":"type-post","3":"status-publish","4":"format-standard","5":"has-post-thumbnail","7":"category-noticias"},"_links":{"self":[{"href":"https:\/\/tacuarembo.gub.uy\/index.php?rest_route=\/wp\/v2\/posts\/4804","targetHints":{"allow":["GET"]}}],"collection":[{"href":"https:\/\/tacuarembo.gub.uy\/index.php?rest_route=\/wp\/v2\/posts"}],"about":[{"href":"https:\/\/tacuarembo.gub.uy\/index.php?rest_route=\/wp\/v2\/types\/post"}],"author":[{"embeddable":true,"href":"https:\/\/tacuarembo.gub.uy\/index.php?rest_route=\/wp\/v2\/users\/3"}],"replies":[{"embeddable":true,"href":"https:\/\/tacuarembo.gub.uy\/index.php?rest_route=%2Fwp%2Fv2%2Fcomments&post=4804"}],"version-history":[{"count":1,"href":"https:\/\/tacuarembo.gub.uy\/index.php?rest_route=\/wp\/v2\/posts\/4804\/revisions"}],"predecessor-version":[{"id":4814,"href":"https:\/\/tacuarembo.gub.uy\/index.php?rest_route=\/wp\/v2\/posts\/4804\/revisions\/4814"}],"wp:featuredmedia":[{"embeddable":true,"href":"https:\/\/tacuarembo.gub.uy\/index.php?rest_route=\/wp\/v2\/media\/4812"}],"wp:attachment":[{"href":"https:\/\/tacuarembo.gub.uy\/index.php?rest_route=%2Fwp%2Fv2%2Fmedia&parent=4804"}],"wp:term":[{"taxonomy":"category","embeddable":true,"href":"https:\/\/tacuarembo.gub.uy\/index.php?rest_route=%2Fwp%2Fv2%2Fcategories&post=4804"},{"taxonomy":"post_tag","embeddable":true,"href":"https:\/\/tacuarembo.gub.uy\/index.php?rest_route=%2Fwp%2Fv2%2Ftags&post=4804"}],"curies":[{"name":"wp","href":"https:\/\/api.w.org\/{rel}","templated":true}]}}