{"id":4801,"date":"2019-10-16T20:23:23","date_gmt":"2019-10-16T23:23:23","guid":{"rendered":"https:\/\/tacuarembo.gub.uy\/?p=4801"},"modified":"2019-10-17T08:23:44","modified_gmt":"2019-10-17T11:23:44","slug":"donacion-para-colonia-escolar-ipora","status":"publish","type":"post","link":"https:\/\/tacuarembo.gub.uy\/?p=4801","title":{"rendered":"Donaci\u00f3n para Colonia Escolar \u201cIpor\u00e1\u201d"},"content":{"rendered":"\n<p>Seg\u00fan Decreto N\u00b0 2056\/2019, de acuerdo con el Decreto N\u00b0\n49\/2019 de la Junta Departamental del 3 de octubre del corriente a\u00f1o; Art. 1\u00b0\nConc\u00e9dase la anuencia definitiva al Ejecutivo Departamental, para proceder a la\ndonaci\u00f3n a ANEP-CEIP, de dos mil quinientos metros cuadrados (m2 2.500) parte\ndel Padr\u00f3n N\u00b0 9.755 de la Primera Secci\u00f3n Judicial de Tacuaremb\u00f3, con motivo de\nproyectarse la ampliaci\u00f3n del Edificio de la Colonia Escolar \u201cIpor\u00e1\u201d del\nConsejo de Educaci\u00f3n Inicial y Primaria, ubicada en Balneario \u201cIpor\u00e1\u201d de este\ndepartamento; Art. 2\u00b0 En el contrato de donaci\u00f3n a suscribirse entre las\npartes, deber\u00e1 establecerse como modo o condici\u00f3n, el destino para el cual el\ninmueble es donado (la ampliaci\u00f3n del edificio de la Colonia Escolar \u201cIpor\u00e1\u201d\ndel Consejo de Educaci\u00f3n Inicial y Primaria.&nbsp;\nEl Intendente de Tacuaremb\u00f3, Resuelve: 1\u00b0) Prom\u00falguese el Decreto N\u00b0\n49\/2019 de la Junta Departamental de fecha 3 de octubre de 2019, Dr. Eber da\nRosa V\u00e1zquez, Intendente Departamental, Dr. Jos\u00e9 Omar Men\u00e9ndez Balsemao,\nSecretario General.<\/p>\n","protected":false},"excerpt":{"rendered":"<p> El Intendente de Tacuaremb\u00f3, Resuelve: 1\u00b0) Prom\u00falguese el Decreto N\u00b0 49\/2019 de la Junta Departamental de fecha 3 de octubre de 2019, Dr. Eber da Rosa V\u00e1zquez, Intendente Departamental, Dr. Jos\u00e9 Omar Men\u00e9ndez Balsemao, Secretario General.<\/p>\n","protected":false},"author":3,"featured_media":4802,"comment_status":"open","ping_status":"open","sticky":false,"template":"","format":"standard","meta":{"_eb_attr":"","footnotes":""},"categories":[16],"tags":[],"class_list":{"0":"post-4801","1":"post","2":"type-post","3":"status-publish","4":"format-standard","5":"has-post-thumbnail","7":"category-noticias"},"_links":{"self":[{"href":"https:\/\/tacuarembo.gub.uy\/index.php?rest_route=\/wp\/v2\/posts\/4801","targetHints":{"allow":["GET"]}}],"collection":[{"href":"https:\/\/tacuarembo.gub.uy\/index.php?rest_route=\/wp\/v2\/posts"}],"about":[{"href":"https:\/\/tacuarembo.gub.uy\/index.php?rest_route=\/wp\/v2\/types\/post"}],"author":[{"embeddable":true,"href":"https:\/\/tacuarembo.gub.uy\/index.php?rest_route=\/wp\/v2\/users\/3"}],"replies":[{"embeddable":true,"href":"https:\/\/tacuarembo.gub.uy\/index.php?rest_route=%2Fwp%2Fv2%2Fcomments&post=4801"}],"version-history":[{"count":1,"href":"https:\/\/tacuarembo.gub.uy\/index.php?rest_route=\/wp\/v2\/posts\/4801\/revisions"}],"predecessor-version":[{"id":4803,"href":"https:\/\/tacuarembo.gub.uy\/index.php?rest_route=\/wp\/v2\/posts\/4801\/revisions\/4803"}],"wp:featuredmedia":[{"embeddable":true,"href":"https:\/\/tacuarembo.gub.uy\/index.php?rest_route=\/wp\/v2\/media\/4802"}],"wp:attachment":[{"href":"https:\/\/tacuarembo.gub.uy\/index.php?rest_route=%2Fwp%2Fv2%2Fmedia&parent=4801"}],"wp:term":[{"taxonomy":"category","embeddable":true,"href":"https:\/\/tacuarembo.gub.uy\/index.php?rest_route=%2Fwp%2Fv2%2Fcategories&post=4801"},{"taxonomy":"post_tag","embeddable":true,"href":"https:\/\/tacuarembo.gub.uy\/index.php?rest_route=%2Fwp%2Fv2%2Ftags&post=4801"}],"curies":[{"name":"wp","href":"https:\/\/api.w.org\/{rel}","templated":true}]}}