{"id":4421,"date":"2019-09-19T16:59:45","date_gmt":"2019-09-19T19:59:45","guid":{"rendered":"https:\/\/tacuarembo.gub.uy\/?p=4421"},"modified":"2019-09-19T21:36:17","modified_gmt":"2019-09-20T00:36:17","slug":"la-remodelacion-de-la-avenida-torres-medeiros-va-en-un-50","status":"publish","type":"post","link":"https:\/\/tacuarembo.gub.uy\/?p=4421","title":{"rendered":"La Remodelaci\u00f3n de la Avenida Torres Medeiros va en un 50 %"},"content":{"rendered":"\n<p>La Intendencia de Tacuaremb\u00f3 con la gesti\u00f3n del Dr. Eber Da Rosa contin\u00faa con su pol\u00edtica de mejoramiento de los barrios, por estos d\u00edas hemos escuchado la publicidad que hace \u00e9nfasis en que \u201cMejora tu calle, Mejora tu barrio\u201d, \u201cMejora tu Barrio, Mejora tu ciudad\u201d y esa es el esp\u00edritu de trabajo que impulsa el intendente departamental apostando a mejorar la calidad de vida de los vecinos en todo el departamento y la prueba est\u00e1 a la vista de todos. Por estos d\u00edas se lleg\u00f3 al 50 % del trabajo en la remodelaci\u00f3n de la Av. Torres Medeiros que cuenta con pavimento de hormig\u00f3n en toda su extensi\u00f3n y se prev\u00e9 que en 30 d\u00edas laborales ya quedar\u00e1 pronta significando un cambio sustancial, basta con pensar en el antes y nos damos cuenta del efecto para la barriada, d\u00e1ndole valor a la zona y sobre todo el vecino se ve beneficiado con esta mejora sustancial de una de las arterias principales de ingreso a la ciudad.<\/p>\n\n\n\n<figure class=\"wp-block-image\"><img loading=\"lazy\" decoding=\"async\" width=\"800\" height=\"420\" src=\"https:\/\/tacuarembo.gub.uy\/wp-content\/uploads\/WhatsApp-Image-2019-09-19-at-16.57.03-800x420.jpeg\" alt=\"\" class=\"wp-image-4422\"\/><\/figure>\n\n\n\n<figure class=\"wp-block-image\"><img loading=\"lazy\" decoding=\"async\" width=\"800\" height=\"420\" src=\"https:\/\/tacuarembo.gub.uy\/wp-content\/uploads\/WhatsApp-Image-2019-09-19-at-16.57.54-800x420.jpeg\" alt=\"\" class=\"wp-image-4423\"\/><\/figure>\n\n\n\n<figure class=\"wp-block-image\"><img loading=\"lazy\" decoding=\"async\" width=\"800\" height=\"420\" src=\"https:\/\/tacuarembo.gub.uy\/wp-content\/uploads\/WhatsApp-Image-2019-09-19-at-16.57.561-1-800x420.jpeg\" alt=\"\" class=\"wp-image-4426\"\/><\/figure>\n\n\n\n<figure class=\"wp-block-image\"><img loading=\"lazy\" decoding=\"async\" width=\"720\" height=\"405\" src=\"https:\/\/tacuarembo.gub.uy\/wp-content\/uploads\/WhatsApp-Image-2019-09-19-at-16.57.56.jpeg\" alt=\"\" class=\"wp-image-4425\"\/><\/figure>\n\n\n\n<iframe loading=\"lazy\" src=\"https:\/\/www.youtube.com\/embed\/kedfLARQRsg\" allow=\"accelerometer; autoplay; encrypted-media; gyroscope; picture-in-picture\" allowfullscreen=\"\" width=\"729\" height=\"410\" frameborder=\"0\"><\/iframe>\n","protected":false},"excerpt":{"rendered":"<p>La Intendencia de Tacuaremb\u00f3 con la gesti\u00f3n del Dr. Eber Da Rosa contin\u00faa con su pol\u00edtica de mejoramiento de los barrios, por estos d\u00edas hemos escuchado la publicidad que hace \u00e9nfasis en que \u201cMejora tu calle, Mejora tu barrio\u201d, \u201cMejora tu Barrio, Mejora tu ciudad\u201d y esa es el esp\u00edritu de trabajo que impulsa el intendente departamental apostando a mejorar la calidad de vida de los vecinos en todo el departamento y la prueba est\u00e1 a la vista de todos.<\/p>\n","protected":false},"author":3,"featured_media":4425,"comment_status":"open","ping_status":"open","sticky":false,"template":"","format":"standard","meta":{"_eb_attr":"","footnotes":""},"categories":[16,23],"tags":[],"class_list":{"0":"post-4421","1":"post","2":"type-post","3":"status-publish","4":"format-standard","5":"has-post-thumbnail","7":"category-noticias","8":"category-obras-en-construccion"},"_links":{"self":[{"href":"https:\/\/tacuarembo.gub.uy\/index.php?rest_route=\/wp\/v2\/posts\/4421","targetHints":{"allow":["GET"]}}],"collection":[{"href":"https:\/\/tacuarembo.gub.uy\/index.php?rest_route=\/wp\/v2\/posts"}],"about":[{"href":"https:\/\/tacuarembo.gub.uy\/index.php?rest_route=\/wp\/v2\/types\/post"}],"author":[{"embeddable":true,"href":"https:\/\/tacuarembo.gub.uy\/index.php?rest_route=\/wp\/v2\/users\/3"}],"replies":[{"embeddable":true,"href":"https:\/\/tacuarembo.gub.uy\/index.php?rest_route=%2Fwp%2Fv2%2Fcomments&post=4421"}],"version-history":[{"count":3,"href":"https:\/\/tacuarembo.gub.uy\/index.php?rest_route=\/wp\/v2\/posts\/4421\/revisions"}],"predecessor-version":[{"id":4437,"href":"https:\/\/tacuarembo.gub.uy\/index.php?rest_route=\/wp\/v2\/posts\/4421\/revisions\/4437"}],"wp:featuredmedia":[{"embeddable":true,"href":"https:\/\/tacuarembo.gub.uy\/index.php?rest_route=\/wp\/v2\/media\/4425"}],"wp:attachment":[{"href":"https:\/\/tacuarembo.gub.uy\/index.php?rest_route=%2Fwp%2Fv2%2Fmedia&parent=4421"}],"wp:term":[{"taxonomy":"category","embeddable":true,"href":"https:\/\/tacuarembo.gub.uy\/index.php?rest_route=%2Fwp%2Fv2%2Fcategories&post=4421"},{"taxonomy":"post_tag","embeddable":true,"href":"https:\/\/tacuarembo.gub.uy\/index.php?rest_route=%2Fwp%2Fv2%2Ftags&post=4421"}],"curies":[{"name":"wp","href":"https:\/\/api.w.org\/{rel}","templated":true}]}}