{"id":4418,"date":"2019-09-19T16:55:11","date_gmt":"2019-09-19T19:55:11","guid":{"rendered":"https:\/\/tacuarembo.gub.uy\/?p=4418"},"modified":"2019-09-19T16:55:11","modified_gmt":"2019-09-19T19:55:11","slug":"se-inaugura-la-casa-de-la-cultura-en-villa-ansina","status":"publish","type":"post","link":"https:\/\/tacuarembo.gub.uy\/?p=4418","title":{"rendered":"Se inaugura la Casa de la Cultura en Villa Ansina"},"content":{"rendered":"\n<p>Siguiendo con la pol\u00edtica de descentralizaci\u00f3n que impulsa el intendente Eber Da Rosa, en los primeros d\u00edas de octubre se proceder\u00e1 a realizar la apertura de las puertas de este espacio que ser\u00e1 receptor de las propuestas culturales que se promueven desde la Direcci\u00f3n General de Educaci\u00f3n y Cultura, llegar\u00e1n los programas de extensi\u00f3n \u00abCultura en Barrios\u00bb, \u00abTalleres en Movimiento\u00bb, clases de instrumentos como guitarra y acorde\u00f3n, talleres de expresi\u00f3n pl\u00e1stica, diferentes exposiciones al igual que lo que se hizo hace un tiempo con Caraguat\u00e1, San Gregorio de Polanco, Paso de los Toros, se trata de una necesidad y estas pol\u00edticas posibilitan jerarquizar el patrimonio cultural del pueblo y posicionarlo en la identidad departamental. En los primeros d\u00edas de octubre se habilitar\u00e1 con la presencia de autoridades esta Sala de la Cultura que permitir\u00e1 tambi\u00e9n recibir espect\u00e1culos musicales.<\/p>\n","protected":false},"excerpt":{"rendered":"<p>Siguiendo con la pol\u00edtica de descentralizaci\u00f3n que impulsa el intendente Eber Da Rosa, en los primeros d\u00edas de octubre se proceder\u00e1 a realizar la apertura de las puertas de este espacio que ser\u00e1 receptor de las propuestas culturales que se promueven desde la Direcci\u00f3n General de Educaci\u00f3n y Cultura, llegar\u00e1n los programas de extensi\u00f3n \u00abCultura en Barrios\u00bb, \u00abTalleres en Movimiento\u00bb<\/p>\n","protected":false},"author":3,"featured_media":4419,"comment_status":"open","ping_status":"open","sticky":false,"template":"","format":"standard","meta":{"_eb_attr":"","footnotes":""},"categories":[16],"tags":[],"class_list":{"0":"post-4418","1":"post","2":"type-post","3":"status-publish","4":"format-standard","5":"has-post-thumbnail","7":"category-noticias"},"_links":{"self":[{"href":"https:\/\/tacuarembo.gub.uy\/index.php?rest_route=\/wp\/v2\/posts\/4418","targetHints":{"allow":["GET"]}}],"collection":[{"href":"https:\/\/tacuarembo.gub.uy\/index.php?rest_route=\/wp\/v2\/posts"}],"about":[{"href":"https:\/\/tacuarembo.gub.uy\/index.php?rest_route=\/wp\/v2\/types\/post"}],"author":[{"embeddable":true,"href":"https:\/\/tacuarembo.gub.uy\/index.php?rest_route=\/wp\/v2\/users\/3"}],"replies":[{"embeddable":true,"href":"https:\/\/tacuarembo.gub.uy\/index.php?rest_route=%2Fwp%2Fv2%2Fcomments&post=4418"}],"version-history":[{"count":1,"href":"https:\/\/tacuarembo.gub.uy\/index.php?rest_route=\/wp\/v2\/posts\/4418\/revisions"}],"predecessor-version":[{"id":4420,"href":"https:\/\/tacuarembo.gub.uy\/index.php?rest_route=\/wp\/v2\/posts\/4418\/revisions\/4420"}],"wp:featuredmedia":[{"embeddable":true,"href":"https:\/\/tacuarembo.gub.uy\/index.php?rest_route=\/wp\/v2\/media\/4419"}],"wp:attachment":[{"href":"https:\/\/tacuarembo.gub.uy\/index.php?rest_route=%2Fwp%2Fv2%2Fmedia&parent=4418"}],"wp:term":[{"taxonomy":"category","embeddable":true,"href":"https:\/\/tacuarembo.gub.uy\/index.php?rest_route=%2Fwp%2Fv2%2Fcategories&post=4418"},{"taxonomy":"post_tag","embeddable":true,"href":"https:\/\/tacuarembo.gub.uy\/index.php?rest_route=%2Fwp%2Fv2%2Ftags&post=4418"}],"curies":[{"name":"wp","href":"https:\/\/api.w.org\/{rel}","templated":true}]}}