{"id":4395,"date":"2019-09-16T21:46:47","date_gmt":"2019-09-17T00:46:47","guid":{"rendered":"https:\/\/tacuarembo.gub.uy\/?p=4395"},"modified":"2019-09-16T21:46:47","modified_gmt":"2019-09-17T00:46:47","slug":"conferencias-de-prensa-15","status":"publish","type":"post","link":"https:\/\/tacuarembo.gub.uy\/?p=4395","title":{"rendered":"Conferencias de Prensa"},"content":{"rendered":"\n<p>La Dir.Gral. de Educaci\u00f3n y Cultura invitan a todos los\nmedios de comunicaci\u00f3n, para una Conferencia de Prensa a realizarse ma\u00f1ana\nmartes 17 de setiembre a la hora 11:00 en Casa de la Cultura, en la cual se\ninformar\u00e1 de las pr\u00f3ximas actividades que se desarrollar\u00e1n.<\/p>\n\n\n\n<p>La Dir.Gral. de Deporte, Turismo y Juventud invitan a\ntodos los medios de comunicaci\u00f3n para una Conferencia de Prensa que se llevar\u00e1\na cabo el pr\u00f3ximo jueves19 de setiembre la hora 10:30 en sus oficinas en Parque\nRod\u00f3, informando en la misma sobre el lanzamiento \u201cPrimavera en Familia\u201d<\/p>\n","protected":false},"excerpt":{"rendered":"<p>La Dir.Gral. de Educaci\u00f3n y Cultura invitan a todos los medios de comunicaci\u00f3n&#8230;<\/p>\n","protected":false},"author":3,"featured_media":4396,"comment_status":"open","ping_status":"open","sticky":false,"template":"","format":"standard","meta":{"_eb_attr":"","footnotes":""},"categories":[16],"tags":[],"class_list":{"0":"post-4395","1":"post","2":"type-post","3":"status-publish","4":"format-standard","5":"has-post-thumbnail","7":"category-noticias"},"_links":{"self":[{"href":"https:\/\/tacuarembo.gub.uy\/index.php?rest_route=\/wp\/v2\/posts\/4395","targetHints":{"allow":["GET"]}}],"collection":[{"href":"https:\/\/tacuarembo.gub.uy\/index.php?rest_route=\/wp\/v2\/posts"}],"about":[{"href":"https:\/\/tacuarembo.gub.uy\/index.php?rest_route=\/wp\/v2\/types\/post"}],"author":[{"embeddable":true,"href":"https:\/\/tacuarembo.gub.uy\/index.php?rest_route=\/wp\/v2\/users\/3"}],"replies":[{"embeddable":true,"href":"https:\/\/tacuarembo.gub.uy\/index.php?rest_route=%2Fwp%2Fv2%2Fcomments&post=4395"}],"version-history":[{"count":1,"href":"https:\/\/tacuarembo.gub.uy\/index.php?rest_route=\/wp\/v2\/posts\/4395\/revisions"}],"predecessor-version":[{"id":4397,"href":"https:\/\/tacuarembo.gub.uy\/index.php?rest_route=\/wp\/v2\/posts\/4395\/revisions\/4397"}],"wp:featuredmedia":[{"embeddable":true,"href":"https:\/\/tacuarembo.gub.uy\/index.php?rest_route=\/wp\/v2\/media\/4396"}],"wp:attachment":[{"href":"https:\/\/tacuarembo.gub.uy\/index.php?rest_route=%2Fwp%2Fv2%2Fmedia&parent=4395"}],"wp:term":[{"taxonomy":"category","embeddable":true,"href":"https:\/\/tacuarembo.gub.uy\/index.php?rest_route=%2Fwp%2Fv2%2Fcategories&post=4395"},{"taxonomy":"post_tag","embeddable":true,"href":"https:\/\/tacuarembo.gub.uy\/index.php?rest_route=%2Fwp%2Fv2%2Ftags&post=4395"}],"curies":[{"name":"wp","href":"https:\/\/api.w.org\/{rel}","templated":true}]}}