{"id":4386,"date":"2019-09-16T21:42:28","date_gmt":"2019-09-17T00:42:28","guid":{"rendered":"https:\/\/tacuarembo.gub.uy\/?p=4386"},"modified":"2019-09-16T21:42:28","modified_gmt":"2019-09-17T00:42:28","slug":"actividades-de-prodema-mipestac","status":"publish","type":"post","link":"https:\/\/tacuarembo.gub.uy\/?p=4386","title":{"rendered":"Actividades de Prodema \u2013 Mipestac"},"content":{"rendered":"\n<p>La Dir.Gral. de Prodema a trav\u00e9s del proyecto Mipestac\ninvita emprendedores y vecinos para las siguientes actividades a desarrollarse\nen los pr\u00f3ximos d\u00edas del mes en curso: martes 17 \u2013 hora 13:00 Continuaci\u00f3n del\nCurso de Gastronom\u00eda B\u00e1sica en Paso del Cerro &#8211; hora 13:30 Taller de Costos para\nemprendimientos en el Centro de Barrio N\u00b0 7 de Los Molles; mi\u00e9rcoles 18 \u2013 hora\n14:30 Taller de Costos para emprendimientos en Club Social de Ansina; jueves 19\n\u2013 hora 13:30 Taller de Costos para emprendimientos en Junta Local de\nCurtina.&nbsp; Los talleres son sin costo y\nlas inscripciones se realizan en Centro de Barrio de Los Molles, Municipio de\nVilla Ansina y Junta Local de Curtina, o por Facebook de Mipestac.<\/p>\n","protected":false},"excerpt":{"rendered":"<p>La Dir.Gral. de Prodema a trav\u00e9s del proyecto Mipestac invita emprendedores y vecinos para las siguientes actividades a desarrollarse en los pr\u00f3ximos d\u00edas del mes en curso<\/p>\n","protected":false},"author":3,"featured_media":4387,"comment_status":"open","ping_status":"open","sticky":false,"template":"","format":"standard","meta":{"_eb_attr":"","footnotes":""},"categories":[16],"tags":[],"class_list":{"0":"post-4386","1":"post","2":"type-post","3":"status-publish","4":"format-standard","5":"has-post-thumbnail","7":"category-noticias"},"_links":{"self":[{"href":"https:\/\/tacuarembo.gub.uy\/index.php?rest_route=\/wp\/v2\/posts\/4386","targetHints":{"allow":["GET"]}}],"collection":[{"href":"https:\/\/tacuarembo.gub.uy\/index.php?rest_route=\/wp\/v2\/posts"}],"about":[{"href":"https:\/\/tacuarembo.gub.uy\/index.php?rest_route=\/wp\/v2\/types\/post"}],"author":[{"embeddable":true,"href":"https:\/\/tacuarembo.gub.uy\/index.php?rest_route=\/wp\/v2\/users\/3"}],"replies":[{"embeddable":true,"href":"https:\/\/tacuarembo.gub.uy\/index.php?rest_route=%2Fwp%2Fv2%2Fcomments&post=4386"}],"version-history":[{"count":1,"href":"https:\/\/tacuarembo.gub.uy\/index.php?rest_route=\/wp\/v2\/posts\/4386\/revisions"}],"predecessor-version":[{"id":4388,"href":"https:\/\/tacuarembo.gub.uy\/index.php?rest_route=\/wp\/v2\/posts\/4386\/revisions\/4388"}],"wp:featuredmedia":[{"embeddable":true,"href":"https:\/\/tacuarembo.gub.uy\/index.php?rest_route=\/wp\/v2\/media\/4387"}],"wp:attachment":[{"href":"https:\/\/tacuarembo.gub.uy\/index.php?rest_route=%2Fwp%2Fv2%2Fmedia&parent=4386"}],"wp:term":[{"taxonomy":"category","embeddable":true,"href":"https:\/\/tacuarembo.gub.uy\/index.php?rest_route=%2Fwp%2Fv2%2Fcategories&post=4386"},{"taxonomy":"post_tag","embeddable":true,"href":"https:\/\/tacuarembo.gub.uy\/index.php?rest_route=%2Fwp%2Fv2%2Ftags&post=4386"}],"curies":[{"name":"wp","href":"https:\/\/api.w.org\/{rel}","templated":true}]}}