{"id":4331,"date":"2019-09-12T20:47:46","date_gmt":"2019-09-12T23:47:46","guid":{"rendered":"https:\/\/tacuarembo.gub.uy\/?p=4331"},"modified":"2019-09-12T20:47:46","modified_gmt":"2019-09-12T23:47:46","slug":"charla-envejecimiento-y-vejez-mitos-y-realidades","status":"publish","type":"post","link":"https:\/\/tacuarembo.gub.uy\/?p=4331","title":{"rendered":"Charla \u201cEnvejecimiento y Vejez, Mitos y Realidades\u201d"},"content":{"rendered":"\n<p>La Dir. Gral. de Desarrollo Social, Oficina del Adulto Mayor y Secretar\u00eda de G\u00e9nero, Equidad y Diversidad Sexual, invitan a p\u00fablico en general, para una charla abierta que ser\u00e1 dictada por el Psic. Grado 5 de la Udelar, Robert P\u00e9rez, acerca de la tem\u00e1tica \u201cEnvejecimiento y Vejez, Mitos y Realidades\u201d, a llevarse a cabo ma\u00f1ana viernes 13 de setiembre a partir de las 15:00 horas en Complejo \u201cJavier Barrios Amor\u00edn\u201d.<\/p>\n","protected":false},"excerpt":{"rendered":"<p>La Dir. Gral. de Desarrollo Social, Oficina del Adulto Mayor y Secretar\u00eda de G\u00e9nero, Equidad y Diversidad Sexual, invitan a p\u00fablico en general, para una charla abierta que ser\u00e1 dictada por el Psic. Grado 5 de la Udelar, Robert P\u00e9rez, acerca de la tem\u00e1tica \u201cEnvejecimiento y Vejez, Mitos y Realidades\u201d<\/p>\n","protected":false},"author":3,"featured_media":4332,"comment_status":"open","ping_status":"open","sticky":false,"template":"","format":"standard","meta":{"_eb_attr":"","footnotes":""},"categories":[16],"tags":[],"class_list":{"0":"post-4331","1":"post","2":"type-post","3":"status-publish","4":"format-standard","5":"has-post-thumbnail","7":"category-noticias"},"_links":{"self":[{"href":"https:\/\/tacuarembo.gub.uy\/index.php?rest_route=\/wp\/v2\/posts\/4331","targetHints":{"allow":["GET"]}}],"collection":[{"href":"https:\/\/tacuarembo.gub.uy\/index.php?rest_route=\/wp\/v2\/posts"}],"about":[{"href":"https:\/\/tacuarembo.gub.uy\/index.php?rest_route=\/wp\/v2\/types\/post"}],"author":[{"embeddable":true,"href":"https:\/\/tacuarembo.gub.uy\/index.php?rest_route=\/wp\/v2\/users\/3"}],"replies":[{"embeddable":true,"href":"https:\/\/tacuarembo.gub.uy\/index.php?rest_route=%2Fwp%2Fv2%2Fcomments&post=4331"}],"version-history":[{"count":1,"href":"https:\/\/tacuarembo.gub.uy\/index.php?rest_route=\/wp\/v2\/posts\/4331\/revisions"}],"predecessor-version":[{"id":4333,"href":"https:\/\/tacuarembo.gub.uy\/index.php?rest_route=\/wp\/v2\/posts\/4331\/revisions\/4333"}],"wp:featuredmedia":[{"embeddable":true,"href":"https:\/\/tacuarembo.gub.uy\/index.php?rest_route=\/wp\/v2\/media\/4332"}],"wp:attachment":[{"href":"https:\/\/tacuarembo.gub.uy\/index.php?rest_route=%2Fwp%2Fv2%2Fmedia&parent=4331"}],"wp:term":[{"taxonomy":"category","embeddable":true,"href":"https:\/\/tacuarembo.gub.uy\/index.php?rest_route=%2Fwp%2Fv2%2Fcategories&post=4331"},{"taxonomy":"post_tag","embeddable":true,"href":"https:\/\/tacuarembo.gub.uy\/index.php?rest_route=%2Fwp%2Fv2%2Ftags&post=4331"}],"curies":[{"name":"wp","href":"https:\/\/api.w.org\/{rel}","templated":true}]}}