{"id":4310,"date":"2019-09-12T20:28:03","date_gmt":"2019-09-12T23:28:03","guid":{"rendered":"https:\/\/tacuarembo.gub.uy\/?p=4310"},"modified":"2019-09-12T20:28:03","modified_gmt":"2019-09-12T23:28:03","slug":"region-norte-en-la-expo-prado","status":"publish","type":"post","link":"https:\/\/tacuarembo.gub.uy\/?p=4310","title":{"rendered":"Regi\u00f3n Norte en la Expo Prado"},"content":{"rendered":"\n<p>En el Pabell\u00f3n del Ministerio de Turismo, la Intendencia de Tacuaremb\u00f3 dijo presente acompa\u00f1ando a las Intendencias de Artigas y Rivera en el marco de la integraci\u00f3n regional que tiene como objetivo promover la oferta tur\u00edstica. El acto de apertura comenz\u00f3 con la actuaci\u00f3n de la Flor del Pago de la Patria Gaucha, Pilar Apesetche, quien interpret\u00f3 varias canciones del cancionero folcl\u00f3rico y finaliz\u00f3 esta instancia con d\u00e9cimas del Payador Juan Carlos L\u00f3pez invitando a descubrir los destinos de la Regi\u00f3n Norte entre ellos la Patria Gaucha como estandarte de atracci\u00f3n tur\u00edstica al igual que Rivera Brilla y el circuito minero en Artigas. Se destac\u00f3 la tierra de Benedetti, la del mayor cantor de tangos Carlos Gardel y se invit\u00f3 a recorrer la zona para evocar sus mejores versos, novelas y cantos como as\u00ed tambi\u00e9n el Museo Abierto de Artes Visuales de San Gregorio de Polanco y su playa de agua dulce, adem\u00e1s de lo que significa el Valle Ed\u00e9n entre otros destinos para disfrutar con tranquilidad y deleitarse con el encanto de los paisajes. Por Tacuaremb\u00f3, el Director General Jorge Castelli y la Directora Raquel Hern\u00e1ndez brindaron abundante informaci\u00f3n sobre la apuesta a fortalecer el intercambio en la regi\u00f3n y proyectarla a nivel internacional con logros que est\u00e1n a la vista con visitas mensuales de diferentes ciudadanos de distintas nacionalidades que llegan a explorar y que despu\u00e9s son difusores y facilitan el acceso a m\u00e1s visitantes. Por el Ministerio de Turismo Carlos Fagetti , el Director Nacional , invito a recorrer los caminos del norte y descubrir sus encantos resaltando las alianzas que se dise\u00f1aron a trav\u00e9s de la coordinaci\u00f3n de Paula Alves para fortalecer el desarrollo tur\u00edstico.<\/p>\n\n\n\n<figure class=\"wp-block-image\"><img loading=\"lazy\" decoding=\"async\" width=\"800\" height=\"420\" src=\"https:\/\/tacuarembo.gub.uy\/wp-content\/uploads\/WhatsApp-Image-2019-09-10-at-16.57.24-1-800x420.jpeg\" alt=\"\" class=\"wp-image-4312\"\/><\/figure>\n\n\n\n<figure class=\"wp-block-image\"><img loading=\"lazy\" decoding=\"async\" width=\"800\" height=\"420\" src=\"https:\/\/tacuarembo.gub.uy\/wp-content\/uploads\/WhatsApp-Image-2019-09-12-at-18.34.281-1-800x420.jpeg\" alt=\"\" class=\"wp-image-4314\"\/><\/figure>\n\n\n\n<figure class=\"wp-block-image\"><img loading=\"lazy\" decoding=\"async\" width=\"800\" height=\"420\" src=\"https:\/\/tacuarembo.gub.uy\/wp-content\/uploads\/WhatsApp-Image-2019-09-12-at-18.34.282-800x420.jpeg\" alt=\"\" class=\"wp-image-4320\"\/><\/figure>\n\n\n\n<figure class=\"wp-block-image\"><img loading=\"lazy\" decoding=\"async\" width=\"800\" height=\"420\" src=\"https:\/\/tacuarembo.gub.uy\/wp-content\/uploads\/WhatsApp-Image-2019-09-12-at-18.34.28-800x420.jpeg\" alt=\"\" class=\"wp-image-4317\"\/><\/figure>\n\n\n\n<figure class=\"wp-block-image\"><img loading=\"lazy\" decoding=\"async\" width=\"800\" height=\"420\" src=\"https:\/\/tacuarembo.gub.uy\/wp-content\/uploads\/WhatsApp-Image-2019-09-12-at-18.34.291-800x420.jpeg\" alt=\"\" class=\"wp-image-4316\"\/><\/figure>\n\n\n\n<figure class=\"wp-block-image\"><img loading=\"lazy\" decoding=\"async\" width=\"800\" height=\"420\" src=\"https:\/\/tacuarembo.gub.uy\/wp-content\/uploads\/WhatsApp-Image-2019-09-12-at-18.34.292-800x420.jpeg\" alt=\"\" class=\"wp-image-4319\"\/><\/figure>\n\n\n\n<figure class=\"wp-block-image\"><img loading=\"lazy\" decoding=\"async\" width=\"800\" height=\"420\" src=\"https:\/\/tacuarembo.gub.uy\/wp-content\/uploads\/WhatsApp-Image-2019-09-12-at-18.34.293-800x420.jpeg\" alt=\"\" class=\"wp-image-4322\"\/><\/figure>\n\n\n\n<figure class=\"wp-block-image\"><img loading=\"lazy\" decoding=\"async\" width=\"800\" height=\"420\" src=\"https:\/\/tacuarembo.gub.uy\/wp-content\/uploads\/WhatsApp-Image-2019-09-12-at-18.34.29-800x420.jpeg\" alt=\"\" class=\"wp-image-4315\"\/><\/figure>\n\n\n\n<iframe loading=\"lazy\" width=\"729\" height=\"410\" src=\"https:\/\/www.youtube.com\/embed\/O77_jXcOWZY\" frameborder=\"0\" allow=\"accelerometer; autoplay; encrypted-media; gyroscope; picture-in-picture\" allowfullscreen><\/iframe>\n","protected":false},"excerpt":{"rendered":"<p>En el Pabell\u00f3n del Ministerio de Turismo, la Intendencia de Tacuaremb\u00f3 dijo presente acompa\u00f1ando a las Intendencias de Artigas y Rivera en el marco de la integraci\u00f3n regional que tiene como objetivo promover la oferta tur\u00edstica.<\/p>\n","protected":false},"author":3,"featured_media":4315,"comment_status":"open","ping_status":"open","sticky":false,"template":"","format":"standard","meta":{"_eb_attr":"","footnotes":""},"categories":[16],"tags":[],"class_list":{"0":"post-4310","1":"post","2":"type-post","3":"status-publish","4":"format-standard","5":"has-post-thumbnail","7":"category-noticias"},"_links":{"self":[{"href":"https:\/\/tacuarembo.gub.uy\/index.php?rest_route=\/wp\/v2\/posts\/4310","targetHints":{"allow":["GET"]}}],"collection":[{"href":"https:\/\/tacuarembo.gub.uy\/index.php?rest_route=\/wp\/v2\/posts"}],"about":[{"href":"https:\/\/tacuarembo.gub.uy\/index.php?rest_route=\/wp\/v2\/types\/post"}],"author":[{"embeddable":true,"href":"https:\/\/tacuarembo.gub.uy\/index.php?rest_route=\/wp\/v2\/users\/3"}],"replies":[{"embeddable":true,"href":"https:\/\/tacuarembo.gub.uy\/index.php?rest_route=%2Fwp%2Fv2%2Fcomments&post=4310"}],"version-history":[{"count":1,"href":"https:\/\/tacuarembo.gub.uy\/index.php?rest_route=\/wp\/v2\/posts\/4310\/revisions"}],"predecessor-version":[{"id":4327,"href":"https:\/\/tacuarembo.gub.uy\/index.php?rest_route=\/wp\/v2\/posts\/4310\/revisions\/4327"}],"wp:featuredmedia":[{"embeddable":true,"href":"https:\/\/tacuarembo.gub.uy\/index.php?rest_route=\/wp\/v2\/media\/4315"}],"wp:attachment":[{"href":"https:\/\/tacuarembo.gub.uy\/index.php?rest_route=%2Fwp%2Fv2%2Fmedia&parent=4310"}],"wp:term":[{"taxonomy":"category","embeddable":true,"href":"https:\/\/tacuarembo.gub.uy\/index.php?rest_route=%2Fwp%2Fv2%2Fcategories&post=4310"},{"taxonomy":"post_tag","embeddable":true,"href":"https:\/\/tacuarembo.gub.uy\/index.php?rest_route=%2Fwp%2Fv2%2Ftags&post=4310"}],"curies":[{"name":"wp","href":"https:\/\/api.w.org\/{rel}","templated":true}]}}