{"id":4275,"date":"2019-09-10T17:00:07","date_gmt":"2019-09-10T20:00:07","guid":{"rendered":"https:\/\/tacuarembo.gub.uy\/?p=4275"},"modified":"2019-09-10T17:00:07","modified_gmt":"2019-09-10T20:00:07","slug":"clausura-de-local-bailable-mala-cara-bar","status":"publish","type":"post","link":"https:\/\/tacuarembo.gub.uy\/?p=4275","title":{"rendered":"Clausura de Local Bailable MALA CARA BAR."},"content":{"rendered":"\n<p>La Intendencia de Tacuaremb\u00f3, comunica que debi\u00f3 disponer la clausura del Local Bailable MALA CARA BAR, ubicado en la calle Sarand\u00ed 380, al haberse constatado el incumplimiento de la ordenanza de Espect\u00e1culos P\u00fablicos por parte de sus responsables, habiendo dictado la Resoluci\u00f3n Administrativa 1483\/2019 de 24\/07\/2019, concurriendo a realizar la medida con Escribano Publico y personal correspondiente, debiendo colocarse el precintado con la expresi\u00f3n Clausurado.<\/p>\n","protected":false},"excerpt":{"rendered":"<p>La Intendencia de Tacuaremb\u00f3, comunica que debi\u00f3 disponer la clausura del Local Bailable MALA CARA BAR, ubicado en la calle Sarand\u00ed 380, al haberse constatado el incumplimiento de la ordenanza de Espect\u00e1culos P\u00fablicos por parte de sus responsables, habiendo dictado la Resoluci\u00f3n Administrativa 1483\/2019 de 24\/07\/2019, concurriendo a realizar la medida con Escribano Publico y personal correspondiente, debiendo colocarse el precintado con la expresi\u00f3n Clausurado.<\/p>\n","protected":false},"author":3,"featured_media":4276,"comment_status":"open","ping_status":"open","sticky":false,"template":"","format":"standard","meta":{"_eb_attr":"","footnotes":""},"categories":[16],"tags":[],"class_list":{"0":"post-4275","1":"post","2":"type-post","3":"status-publish","4":"format-standard","5":"has-post-thumbnail","7":"category-noticias"},"_links":{"self":[{"href":"https:\/\/tacuarembo.gub.uy\/index.php?rest_route=\/wp\/v2\/posts\/4275","targetHints":{"allow":["GET"]}}],"collection":[{"href":"https:\/\/tacuarembo.gub.uy\/index.php?rest_route=\/wp\/v2\/posts"}],"about":[{"href":"https:\/\/tacuarembo.gub.uy\/index.php?rest_route=\/wp\/v2\/types\/post"}],"author":[{"embeddable":true,"href":"https:\/\/tacuarembo.gub.uy\/index.php?rest_route=\/wp\/v2\/users\/3"}],"replies":[{"embeddable":true,"href":"https:\/\/tacuarembo.gub.uy\/index.php?rest_route=%2Fwp%2Fv2%2Fcomments&post=4275"}],"version-history":[{"count":1,"href":"https:\/\/tacuarembo.gub.uy\/index.php?rest_route=\/wp\/v2\/posts\/4275\/revisions"}],"predecessor-version":[{"id":4277,"href":"https:\/\/tacuarembo.gub.uy\/index.php?rest_route=\/wp\/v2\/posts\/4275\/revisions\/4277"}],"wp:featuredmedia":[{"embeddable":true,"href":"https:\/\/tacuarembo.gub.uy\/index.php?rest_route=\/wp\/v2\/media\/4276"}],"wp:attachment":[{"href":"https:\/\/tacuarembo.gub.uy\/index.php?rest_route=%2Fwp%2Fv2%2Fmedia&parent=4275"}],"wp:term":[{"taxonomy":"category","embeddable":true,"href":"https:\/\/tacuarembo.gub.uy\/index.php?rest_route=%2Fwp%2Fv2%2Fcategories&post=4275"},{"taxonomy":"post_tag","embeddable":true,"href":"https:\/\/tacuarembo.gub.uy\/index.php?rest_route=%2Fwp%2Fv2%2Ftags&post=4275"}],"curies":[{"name":"wp","href":"https:\/\/api.w.org\/{rel}","templated":true}]}}