{"id":406,"date":"2018-09-27T19:06:10","date_gmt":"2018-09-27T19:06:10","guid":{"rendered":"https:\/\/tacuarembo.gub.uy\/?p=406"},"modified":"2018-09-27T19:18:46","modified_gmt":"2018-09-27T19:18:46","slug":"plan-gardel","status":"publish","type":"post","link":"https:\/\/tacuarembo.gub.uy\/?p=406","title":{"rendered":"Plan Gardel"},"content":{"rendered":"<p><strong>Descripci\u00f3n<\/strong><\/p>\n<p>Es un plan de intervenci\u00f3n para personas con vulnerabilidad habitacional elaborado y ejecutado por la Direcci\u00f3n General de Desarrollo Social de la Intendencia de Tacuaremb\u00f3, que busca mitigar las carencias de vivienda de aquellas personas con emergencias socio habitacionales, consientes de la que la necesidad de vivir con dignidad es una preocupaci\u00f3n real y sentida por parte de nuestros habitantes.<\/p>\n<p>Se ejecuta a partir de la intervenci\u00f3n profesional de Licenciados en Trabajo Social y T\u00e9cnicos en Construcci\u00f3n que realizan los informes correspondientes de cada una de las situaciones, contemplando la integraci\u00f3n del n\u00facleo habitacional, la situaci\u00f3n socio econ\u00f3mica del mismo y las condiciones habitacionales de quienes participan del plan.<\/p>\n<p>&nbsp;<\/p>\n<p><strong>\u00bfCu\u00e1l es el Objetivo? <\/strong><\/p>\n<p>Generar igualdad de condiciones y mejorar la calidad de vida de aquellas personas m\u00e1s vulnerables que enfrentan carencias habitacionales, sufriendo problemas de hacinamiento, colecho y necesidades sanitarias, buscando adem\u00e1s erradicar el suelo de tierra y el techo precario as\u00ed como tambi\u00e9n problemas de infraestructura b\u00e1sica que no le permitan vivir dignamente. Se busca adem\u00e1s a trav\u00e9s de acciones y pol\u00edticas concretas una mayor integraci\u00f3n social a trav\u00e9s del compromiso de la comunidad en el mejoramiento de su entorno.<\/p>\n<p>&nbsp;<\/p>\n<p><strong>\u00bfA qui\u00e9n est\u00e1 dirigido?<\/strong><\/p>\n<p>Pueden acceder personas y\/o familias mayores de edad en situaci\u00f3n de precariedad socio habitacional y socio econ\u00f3mica, debiendo contar con <strong>terreno propio o autorizaci\u00f3n para la construcci\u00f3n en terreno ajeno<\/strong>, as\u00ed como tambi\u00e9n con la <strong>mano de obra<\/strong> para la ejecuci\u00f3n de la intervenci\u00f3n solicitada.<\/p>\n<p>&nbsp;<\/p>\n<p>&nbsp;<\/p>\n<p>&nbsp;<\/p>\n<p><strong>\u00bfQu\u00e9 beneficios otorga?<\/strong><\/p>\n<p>El \u201cPlan Gardel\u201d a trav\u00e9s de sus diferentes programas interviene sobre hogares,&nbsp; territorios y casos determinados con el fin de lograr que las personas mejoren su situaci\u00f3n habitacional junto a la inclusi\u00f3n del solicitante como contrapartida en la participaci\u00f3n de los diferentes <strong>Programas de Habitaciones, Programa de Ba\u00f1os, Programa de Techos y Pisos<\/strong> mejorando de forma integral el h\u00e1bitat de aquellas familias carenciadas que solicitan la ayuda de la Intendencia Departamental como impulso a un mejor vivir y desarrollo social y personal, basado en la igualdad de oportunidades.<\/p>\n<p>&nbsp;&nbsp;&nbsp;&nbsp;&nbsp;&nbsp;&nbsp;&nbsp;&nbsp;&nbsp;&nbsp;&nbsp;&nbsp;&nbsp;&nbsp;&nbsp;&nbsp;&nbsp;&nbsp;&nbsp;&nbsp;&nbsp;&nbsp;&nbsp;&nbsp;&nbsp;&nbsp;&nbsp;&nbsp;&nbsp;&nbsp;&nbsp;&nbsp;&nbsp;&nbsp;&nbsp;&nbsp;&nbsp;&nbsp;&nbsp;&nbsp;&nbsp;&nbsp;&nbsp;&nbsp;&nbsp;&nbsp;&nbsp;&nbsp;&nbsp;&nbsp;&nbsp;&nbsp;&nbsp;&nbsp;&nbsp;&nbsp;&nbsp;&nbsp;&nbsp;&nbsp;&nbsp;&nbsp;&nbsp;&nbsp;&nbsp;&nbsp;&nbsp;&nbsp;&nbsp;&nbsp;&nbsp;&nbsp;&nbsp;&nbsp;&nbsp;&nbsp;&nbsp;&nbsp;&nbsp;&nbsp;&nbsp;&nbsp;&nbsp;&nbsp;&nbsp;&nbsp;&nbsp;&nbsp;&nbsp;&nbsp;&nbsp;&nbsp;&nbsp;&nbsp;&nbsp;&nbsp;&nbsp;&nbsp;&nbsp;&nbsp;&nbsp;&nbsp;&nbsp;<\/p>\n<p><strong>&nbsp;<\/strong><\/p>\n<p><strong>Inscripciones y Consultas<\/strong><\/p>\n<p><strong>&nbsp;<\/strong><\/p>\n<p><strong>Intendencia de Tacuaremb\u00f3 &#8211; Direcci\u00f3n de Desarrollo Social &#8211; DIDESOL<\/strong>&nbsp;<\/p>\n<p><strong>Calle General Artigas 260<\/strong><\/p>\n<p><strong>Tel. 46324671\/75 interno 288<\/strong><\/p>\n<p><strong>&nbsp;<\/strong><\/p>\n<p><strong>&nbsp;<\/strong><\/p>\n<p><strong>&nbsp;<\/strong><\/p>\n<p><strong><u>PLAN GARDEL y las Necesidades B\u00e1sicas<\/u><\/strong><\/p>\n<p>&nbsp;<\/p>\n<p>El Plan Gardel es un programa de ayuda habitacional de la Intendencia Departamental de Tacuaremb\u00f3 que tiene como objetivo mitigar las necesidades de la poblaci\u00f3n en situaci\u00f3n de vulnerabilidad habitacional, desarrollando pol\u00edticas destinadas a intervenir para mejorar el h\u00e1bitat de dichas familias y sus condiciones de vida.<\/p>\n<p>A trav\u00e9s de la creaci\u00f3n del \u201cPlan Gardel\u201d se realizan intervenciones habitacionales&nbsp; junto a Trabajadores Sociales y T\u00e9cnicos en Construcci\u00f3n, destinadas a eliminar el hacinamiento, el colecho, erradicar el suelo de tierra,&nbsp; atender las necesidades sanitarias, y mejorar la infraestructura b\u00e1sica de los hogares carenciados con el fin de darle una mayor calidad de vida a los tacuaremboenses.<\/p>\n<p>El Plan Gardel no constituye la construcci\u00f3n de viviendas ya que esa es una responsabilidad del Gobierno Nacional a trav\u00e9s del Ministerio de Viviendas.<\/p>\n<p>&nbsp;Desde el Plan Gardel se colabora en facilitar la mejora habitacional de la poblaci\u00f3n carenciada, otorgando a dichas familias materiales b\u00e1sicos para que puedan sumando su esfuerzo mejorar la situaci\u00f3n de su hogar.<\/p>\n<p>Desde la Intendencia de Tacuaremb\u00f3, se concibe el Plan Gardel de ayuda habitacional&nbsp; como una pol\u00edtica focalizada de apoyo a familias y hogares con necesidades b\u00e1sicas insatisfechas y vulnerabilidad social desde el punto de vista socioecon\u00f3mico.<\/p>\n<p>De las seis necesidades b\u00e1sicas que se definen desde el Instituto Nacional de Estad\u00edstica est\u00e1n referidas al acceso a la vivienda decorosa, al abastecimiento de agua potable, los servicios higi\u00e9nicos, energ\u00eda el\u00e9ctrica, artefactos b\u00e1sicos de confort y educaci\u00f3n, el Plan Gardel impacta directamente sobre dos de ellas que son la vivienda decorosa y los servicios sanitarios e indirectamente sobre todas las dem\u00e1s.<\/p>\n<p>En este aspecto, desde la consideraci\u00f3n del decoro de la vivienda se interviene teniendo en cuenta la calidad de los materiales de construcci\u00f3n, el espacio habitable y el espacio adecuado para cocinar promoviendo la abatir construcciones con materiales de desecho predominantemente y el piso de tierra, as\u00ed como tambi\u00e9n la coexistencia de m\u00e1s de dos personas por habitaci\u00f3n en el hogar sin contar el ba\u00f1o y la cocina.<\/p>\n<p>Respecto a los servicios higi\u00e9nicos se promueve el acceso exclusivo a ba\u00f1os de cada hogar, considerando la disponibilidad de ba\u00f1o como una condici\u00f3n fundamental para el buen desarrollo de la vida humana.<\/p>\n<p>En esa l\u00ednea, sabiendo que la materia de la Vivienda no son responsabilidades de los Gobiernos Departamentales, pero con una gran sensibilidad social por la ciudadan\u00eda que presenta estas carencias, se promueve y se implementa el Plan Gardel como instrumento que intenta disminuir ciertas tendencias de segregaci\u00f3n urbana, donde las familias de mayores carencias habitacionales terminan residiendo territorialmente en barrios espec\u00edficos de nuestro departamento.<\/p>\n<p>Poder apoyar los procesos de mejora de viviendas, construcci\u00f3n de habitaciones que permitan una distribuci\u00f3n familiar correcta de acuerdo a n\u00famero de personas por habitaciones, edad y sexo, as\u00ed como tambi\u00e9n poder mejorar en cuanto a las condiciones de los hogares y el acceso a servicios sanitarios como lo son los ba\u00f1os, tiene un impacto sumamente importante en la adquisici\u00f3n de este satisfactor social vinculado a la vivienda.<\/p>\n<p>A trav\u00e9s de la implementaci\u00f3n del Plan Gardel se busca generar un cambio positivo en el Bienestar Social mediante el proceso de mejora de la calidad de vida de las personas promoviendo la satisfacci\u00f3n de necesidades vinculadas a aspectos habitacionales los cuales son generales para el bienestar de todos los componentes de una sociedad.<\/p>\n<p>En definitva el Plan Gardel es una pol\u00edtica de alto impacto en el desarrollo humano de las personas ya que mejora las condiciones de vida de los beneficiarios en cuanto a necesidades b\u00e1sicas vinculadas a la vivienda y servicios sanitarios, pero que adem\u00e1s impacta positivamente tambi\u00e9n en el entorno social en la medida que promueve procesos de mejora de las condiciones edilicias y sociales de las personas.<\/p>\n<p>&nbsp;<\/p>\n[ngg_images source=\u00bbgalleries\u00bb container_ids=\u00bb2&#8243; display_type=\u00bbphotocrati-nextgen_basic_thumbnails\u00bb override_thumbnail_settings=\u00bb0&#8243; thumbnail_width=\u00bb240&#8243; thumbnail_height=\u00bb160&#8243; thumbnail_crop=\u00bb1&#8243; images_per_page=\u00bb20&#8243; number_of_columns=\u00bb0&#8243; ajax_pagination=\u00bb0&#8243; show_all_in_lightbox=\u00bb0&#8243; use_imagebrowser_effect=\u00bb0&#8243; show_slideshow_link=\u00bb1&#8243; slideshow_link_text=\u00bb[Mostrar presentaci\u00f3n de diapositivas]\u00bb order_by=\u00bbsortorder\u00bb order_direction=\u00bbASC\u00bb returns=\u00bbincluded\u00bb maximum_entity_count=\u00bb500&#8243;]\n<p>&nbsp;<\/p>\n","protected":false},"excerpt":{"rendered":"<p>Descripci\u00f3n Es un plan de intervenci\u00f3n para personas con vulnerabilidad habitacional elaborado y ejecutado por la Direcci\u00f3n General de Desarrollo Social de la Intendencia de&#8230;<\/p>\n","protected":false},"author":3,"featured_media":434,"comment_status":"open","ping_status":"open","sticky":false,"template":"","format":"standard","meta":{"_eb_attr":"","footnotes":""},"categories":[19],"tags":[],"class_list":{"0":"post-406","1":"post","2":"type-post","3":"status-publish","4":"format-standard","5":"has-post-thumbnail","7":"category-didesol"},"_links":{"self":[{"href":"https:\/\/tacuarembo.gub.uy\/index.php?rest_route=\/wp\/v2\/posts\/406","targetHints":{"allow":["GET"]}}],"collection":[{"href":"https:\/\/tacuarembo.gub.uy\/index.php?rest_route=\/wp\/v2\/posts"}],"about":[{"href":"https:\/\/tacuarembo.gub.uy\/index.php?rest_route=\/wp\/v2\/types\/post"}],"author":[{"embeddable":true,"href":"https:\/\/tacuarembo.gub.uy\/index.php?rest_route=\/wp\/v2\/users\/3"}],"replies":[{"embeddable":true,"href":"https:\/\/tacuarembo.gub.uy\/index.php?rest_route=%2Fwp%2Fv2%2Fcomments&post=406"}],"version-history":[{"count":2,"href":"https:\/\/tacuarembo.gub.uy\/index.php?rest_route=\/wp\/v2\/posts\/406\/revisions"}],"predecessor-version":[{"id":433,"href":"https:\/\/tacuarembo.gub.uy\/index.php?rest_route=\/wp\/v2\/posts\/406\/revisions\/433"}],"wp:featuredmedia":[{"embeddable":true,"href":"https:\/\/tacuarembo.gub.uy\/index.php?rest_route=\/wp\/v2\/media\/434"}],"wp:attachment":[{"href":"https:\/\/tacuarembo.gub.uy\/index.php?rest_route=%2Fwp%2Fv2%2Fmedia&parent=406"}],"wp:term":[{"taxonomy":"category","embeddable":true,"href":"https:\/\/tacuarembo.gub.uy\/index.php?rest_route=%2Fwp%2Fv2%2Fcategories&post=406"},{"taxonomy":"post_tag","embeddable":true,"href":"https:\/\/tacuarembo.gub.uy\/index.php?rest_route=%2Fwp%2Fv2%2Ftags&post=406"}],"curies":[{"name":"wp","href":"https:\/\/api.w.org\/{rel}","templated":true}]}}