{"id":3856,"date":"2019-08-12T22:41:21","date_gmt":"2019-08-12T22:41:21","guid":{"rendered":"https:\/\/tacuarembo.gub.uy\/?p=3856"},"modified":"2019-08-12T22:41:21","modified_gmt":"2019-08-12T22:41:21","slug":"conferencias-de-prensa-11","status":"publish","type":"post","link":"https:\/\/tacuarembo.gub.uy\/?p=3856","title":{"rendered":"Conferencias de Prensa"},"content":{"rendered":"\n<p>La\nIntendencia de Tacuaremb\u00f3 conjuntamente con Oficina de Planeamiento y\nDesarrollo invitan a todos los medios de comunicaci\u00f3n para una Conferencia de\nPrensa a realizarse el martes 20 de agosto a las 14:00 horas en Complejo\n\u201cJavier Barrios Amor\u00edn\u201d, en la cual se realizar\u00e1 la presentaci\u00f3n del proceso de\nlocalizaci\u00f3n de los Objetivos de Desarrollo Sostenible en Tacuaremb\u00f3.&nbsp; Posteriormente se dar\u00e1 un desarrollo de los\naportes del departamento de Tacuaremb\u00f3 a la Agenda 2030 para el desarrollo sostenible:\nlocalizaci\u00f3n, planificaci\u00f3n y experiencias Se contar\u00e1 con la presencia del Int.\nDr. Eber da Rosa V\u00e1zquez, el Dir. de Descentralizaci\u00f3n e Inversi\u00f3n P\u00fablica de\nla Oficina de Planeamiento y Presupuesto y representantes del Programa de\nNaciones Unidas para el Desarrollo en Uruguay y equipo t\u00e9cnico del CIESU.<\/p>\n\n\n\n<p>La\nDir. Gral. de Educaci\u00f3n y Cultura convocan a todos los medios de prensa para\nuna Conferencia de Prensa que se realizar\u00e1 ma\u00f1ana martes 13 de agosto a la hora\n11:00 en Casa de la Cultura, en la cual se informar\u00e1 sobre las pr\u00f3ximas\nfunciones de teatro que se realizar\u00e1n.<\/p>\n","protected":false},"excerpt":{"rendered":"<p>La Intendencia de Tacuaremb\u00f3 conjuntamente con Oficina de Planeamiento y Desarrollo invitan a todos los medios de comunicaci\u00f3n para una Conferencia de Prensa a realizarse el martes 20 de agosto a las 14:00 horas en Complejo \u201cJavier Barrios Amor\u00edn\u201d<\/p>\n","protected":false},"author":3,"featured_media":3467,"comment_status":"open","ping_status":"open","sticky":false,"template":"","format":"standard","meta":{"_eb_attr":"","footnotes":""},"categories":[16],"tags":[],"class_list":{"0":"post-3856","1":"post","2":"type-post","3":"status-publish","4":"format-standard","5":"has-post-thumbnail","7":"category-noticias"},"_links":{"self":[{"href":"https:\/\/tacuarembo.gub.uy\/index.php?rest_route=\/wp\/v2\/posts\/3856","targetHints":{"allow":["GET"]}}],"collection":[{"href":"https:\/\/tacuarembo.gub.uy\/index.php?rest_route=\/wp\/v2\/posts"}],"about":[{"href":"https:\/\/tacuarembo.gub.uy\/index.php?rest_route=\/wp\/v2\/types\/post"}],"author":[{"embeddable":true,"href":"https:\/\/tacuarembo.gub.uy\/index.php?rest_route=\/wp\/v2\/users\/3"}],"replies":[{"embeddable":true,"href":"https:\/\/tacuarembo.gub.uy\/index.php?rest_route=%2Fwp%2Fv2%2Fcomments&post=3856"}],"version-history":[{"count":1,"href":"https:\/\/tacuarembo.gub.uy\/index.php?rest_route=\/wp\/v2\/posts\/3856\/revisions"}],"predecessor-version":[{"id":3857,"href":"https:\/\/tacuarembo.gub.uy\/index.php?rest_route=\/wp\/v2\/posts\/3856\/revisions\/3857"}],"wp:featuredmedia":[{"embeddable":true,"href":"https:\/\/tacuarembo.gub.uy\/index.php?rest_route=\/wp\/v2\/media\/3467"}],"wp:attachment":[{"href":"https:\/\/tacuarembo.gub.uy\/index.php?rest_route=%2Fwp%2Fv2%2Fmedia&parent=3856"}],"wp:term":[{"taxonomy":"category","embeddable":true,"href":"https:\/\/tacuarembo.gub.uy\/index.php?rest_route=%2Fwp%2Fv2%2Fcategories&post=3856"},{"taxonomy":"post_tag","embeddable":true,"href":"https:\/\/tacuarembo.gub.uy\/index.php?rest_route=%2Fwp%2Fv2%2Ftags&post=3856"}],"curies":[{"name":"wp","href":"https:\/\/api.w.org\/{rel}","templated":true}]}}