{"id":3850,"date":"2019-08-12T22:32:15","date_gmt":"2019-08-12T22:32:15","guid":{"rendered":"https:\/\/tacuarembo.gub.uy\/?p=3850"},"modified":"2019-08-12T22:32:15","modified_gmt":"2019-08-12T22:32:15","slug":"recoleccion-de-desechos-varios","status":"publish","type":"post","link":"https:\/\/tacuarembo.gub.uy\/?p=3850","title":{"rendered":"Recolecci\u00f3n de desechos varios"},"content":{"rendered":"\n<p>La\nDir. de Higiene y Salubridad, dentro del Programa de Limpieza e Higiene\nBarrial, informa a vecino de la zona comprendida entre escuela El Molino, Club\nLa Sexta, escuela La Matutina, y desde \u00e9sta hasta Zanja de los Alemanes, que\nluego de una limpieza realizada en la zona, ma\u00f1ana martes 13 de agosto en horas\nde la ma\u00f1ana, pasar\u00e1 un cami\u00f3n para levantar todo tipo de cosas en desuso como:\nchatarra, vidrios, cart\u00f3n y todo aquello que sea desecho, por lo cual se\nsolicita a los vecinos colocar en el frente de sus casas todo este tipo de\ncosas para ser recogidos por el cami\u00f3n a estos efectos.<\/p>\n","protected":false},"excerpt":{"rendered":"<p>La Dir. de Higiene y Salubridad, dentro del Programa de Limpieza e Higiene Barrial, informa a vecino de la zona comprendida entre escuela El Molino, Club La Sexta, escuela La Matutina, y desde \u00e9sta hasta Zanja de los Alemanes, que luego de una limpieza realizada en la zona, ma\u00f1ana martes 13 de agosto en horas de la ma\u00f1ana, pasar\u00e1 un cami\u00f3n para levantar todo tipo de cosas en desuso<\/p>\n","protected":false},"author":3,"featured_media":3851,"comment_status":"open","ping_status":"open","sticky":false,"template":"","format":"standard","meta":{"_eb_attr":"","footnotes":""},"categories":[16],"tags":[],"class_list":{"0":"post-3850","1":"post","2":"type-post","3":"status-publish","4":"format-standard","5":"has-post-thumbnail","7":"category-noticias"},"_links":{"self":[{"href":"https:\/\/tacuarembo.gub.uy\/index.php?rest_route=\/wp\/v2\/posts\/3850","targetHints":{"allow":["GET"]}}],"collection":[{"href":"https:\/\/tacuarembo.gub.uy\/index.php?rest_route=\/wp\/v2\/posts"}],"about":[{"href":"https:\/\/tacuarembo.gub.uy\/index.php?rest_route=\/wp\/v2\/types\/post"}],"author":[{"embeddable":true,"href":"https:\/\/tacuarembo.gub.uy\/index.php?rest_route=\/wp\/v2\/users\/3"}],"replies":[{"embeddable":true,"href":"https:\/\/tacuarembo.gub.uy\/index.php?rest_route=%2Fwp%2Fv2%2Fcomments&post=3850"}],"version-history":[{"count":1,"href":"https:\/\/tacuarembo.gub.uy\/index.php?rest_route=\/wp\/v2\/posts\/3850\/revisions"}],"predecessor-version":[{"id":3852,"href":"https:\/\/tacuarembo.gub.uy\/index.php?rest_route=\/wp\/v2\/posts\/3850\/revisions\/3852"}],"wp:featuredmedia":[{"embeddable":true,"href":"https:\/\/tacuarembo.gub.uy\/index.php?rest_route=\/wp\/v2\/media\/3851"}],"wp:attachment":[{"href":"https:\/\/tacuarembo.gub.uy\/index.php?rest_route=%2Fwp%2Fv2%2Fmedia&parent=3850"}],"wp:term":[{"taxonomy":"category","embeddable":true,"href":"https:\/\/tacuarembo.gub.uy\/index.php?rest_route=%2Fwp%2Fv2%2Fcategories&post=3850"},{"taxonomy":"post_tag","embeddable":true,"href":"https:\/\/tacuarembo.gub.uy\/index.php?rest_route=%2Fwp%2Fv2%2Ftags&post=3850"}],"curies":[{"name":"wp","href":"https:\/\/api.w.org\/{rel}","templated":true}]}}