{"id":3846,"date":"2019-08-09T22:42:13","date_gmt":"2019-08-09T22:42:13","guid":{"rendered":"https:\/\/tacuarembo.gub.uy\/?p=3846"},"modified":"2019-08-09T22:42:13","modified_gmt":"2019-08-09T22:42:13","slug":"rally-carlos-gardel","status":"publish","type":"post","link":"https:\/\/tacuarembo.gub.uy\/?p=3846","title":{"rendered":"Rally Carlos Gardel"},"content":{"rendered":"\n<p>Tacuaremb\u00f3 ofrece sus caminos que son los ideales para esta competencia y as\u00ed lo resaltan organizadores y competidores. Con el apoyo de la Intendencia Departamental llega esta competencia el fin de semana del 16, 17 y 18 de agosto para recorrer los tramos del Ipor\u00e1, Zapar\u00e1 y Cuchilla de la Palma en el marco de la 9na. Fecha con la organizaci\u00f3n de CUR. Pilotos Tacuaremboenses se destacan y aspiran ser los ganadores de esta etapa entre ellos Enrique y Nico Candiota, Figarola, Arbiza de Achar, Agustin y el Pato Piriz. El viernes 16 frente a la IDT se desarrollar\u00e1 la largada simb\u00f3lica a las 18 horas y ya el s\u00e1bado la competencia se traslada a Zapar\u00e1 y el Domingo Balneario Ipor\u00e1 y Cuchilla de la Palma.<\/p>\n\n\n\n<iframe loading=\"lazy\" width=\"729\" height=\"410\" src=\"https:\/\/www.youtube.com\/embed\/lIvA1OALQ6A\" frameborder=\"0\" allow=\"accelerometer; autoplay; encrypted-media; gyroscope; picture-in-picture\" allowfullscreen><\/iframe>\n","protected":false},"excerpt":{"rendered":"<p>Con el apoyo de la Intendencia Departamental llega esta competencia el fin de semana del 16, 17 y 18 de agosto para recorrer los tramos del Ipor\u00e1, Zapar\u00e1 y Cuchilla de la Palma en el marco de la 9na. Fecha con la organizaci\u00f3n de CUR. <\/p>\n","protected":false},"author":3,"featured_media":3847,"comment_status":"open","ping_status":"open","sticky":false,"template":"","format":"standard","meta":{"_eb_attr":"","footnotes":""},"categories":[16],"tags":[],"class_list":{"0":"post-3846","1":"post","2":"type-post","3":"status-publish","4":"format-standard","5":"has-post-thumbnail","7":"category-noticias"},"_links":{"self":[{"href":"https:\/\/tacuarembo.gub.uy\/index.php?rest_route=\/wp\/v2\/posts\/3846","targetHints":{"allow":["GET"]}}],"collection":[{"href":"https:\/\/tacuarembo.gub.uy\/index.php?rest_route=\/wp\/v2\/posts"}],"about":[{"href":"https:\/\/tacuarembo.gub.uy\/index.php?rest_route=\/wp\/v2\/types\/post"}],"author":[{"embeddable":true,"href":"https:\/\/tacuarembo.gub.uy\/index.php?rest_route=\/wp\/v2\/users\/3"}],"replies":[{"embeddable":true,"href":"https:\/\/tacuarembo.gub.uy\/index.php?rest_route=%2Fwp%2Fv2%2Fcomments&post=3846"}],"version-history":[{"count":1,"href":"https:\/\/tacuarembo.gub.uy\/index.php?rest_route=\/wp\/v2\/posts\/3846\/revisions"}],"predecessor-version":[{"id":3848,"href":"https:\/\/tacuarembo.gub.uy\/index.php?rest_route=\/wp\/v2\/posts\/3846\/revisions\/3848"}],"wp:featuredmedia":[{"embeddable":true,"href":"https:\/\/tacuarembo.gub.uy\/index.php?rest_route=\/wp\/v2\/media\/3847"}],"wp:attachment":[{"href":"https:\/\/tacuarembo.gub.uy\/index.php?rest_route=%2Fwp%2Fv2%2Fmedia&parent=3846"}],"wp:term":[{"taxonomy":"category","embeddable":true,"href":"https:\/\/tacuarembo.gub.uy\/index.php?rest_route=%2Fwp%2Fv2%2Fcategories&post=3846"},{"taxonomy":"post_tag","embeddable":true,"href":"https:\/\/tacuarembo.gub.uy\/index.php?rest_route=%2Fwp%2Fv2%2Ftags&post=3846"}],"curies":[{"name":"wp","href":"https:\/\/api.w.org\/{rel}","templated":true}]}}