{"id":3836,"date":"2019-08-08T19:00:50","date_gmt":"2019-08-08T19:00:50","guid":{"rendered":"https:\/\/tacuarembo.gub.uy\/?p=3836"},"modified":"2019-08-16T17:51:31","modified_gmt":"2019-08-16T17:51:31","slug":"fallecio-el-alcalde-de-san-gregorio-de-polanco","status":"publish","type":"post","link":"https:\/\/tacuarembo.gub.uy\/?p=3836","title":{"rendered":"Falleci\u00f3 el Alcalde de San Gregorio de Polanco"},"content":{"rendered":"\n<p>Mario Sergio Teixeira dejo de existir en Punta Umbr\u00eda, Municipio de la Provincia de Huelva en Andaluc\u00eda \u2013 Espa\u00f1a. Su partida inesperada es un alto en el camino para elevar por un momento el pensamiento y la reflexi\u00f3n. Las preguntas, el Porqu\u00e9, las respuestas, quedan a un lado. Fue un hombre de capacidad y entrega, su gran pasi\u00f3n San Gregorio, la militancia pol\u00edtica y Pe\u00f1arol. Pudo desarrollar sus ideas en equipo y supo ser un gran anfitri\u00f3n. Su personalidad denotaba capacidad de trabajo, tenacidad, tozudez y una forma particular de imponer pasi\u00f3n en la defensa de las ideas y liderazgo. La familia en sus sentimientos fue su gran debilidad, principalmente su padre a quien recordaba en cada momento. San Gregorio pierde a un \u201cDefensor de su Pueblo\u201d, a alguien que, a trav\u00e9s del arte y la cultura junto a otros so\u00f1adores, deposit\u00f3 el trabajo y las esperanzas para que su ciudad este reconocida en el mundo por su museo abierto de artes pl\u00e1sticas y visuales. Extra\u00f1aremos a un gran interlocutor de fuste.<br> El Gobierno Departamental a trav\u00e9s del \u00f3rgano ejecutivo expresa con profundo dolor su pesar ante esta lamentable noticia y acompa\u00f1a a la familia y amigos de Mario Sergio Teixeira.<\/p>\n","protected":false},"excerpt":{"rendered":"<p>Mario Sergio Teixeira dejo de existir en Punta Umbr\u00eda, Municipio de la Provincia de Huelva en Andaluc\u00eda \u2013 Espa\u00f1a. Su partida inesperada es un alto en el camino para elevar por un momento el pensamiento y la reflexi\u00f3n. Las preguntas, el Porqu\u00e9, las respuestas, quedan a un lado. Fue un hombre de capacidad y entrega, su gran pasi\u00f3n San Gregorio, la militancia pol\u00edtica y Pe\u00f1arol. <\/p>\n","protected":false},"author":3,"featured_media":3837,"comment_status":"open","ping_status":"open","sticky":false,"template":"","format":"standard","meta":{"_eb_attr":"","footnotes":""},"categories":[16],"tags":[],"class_list":{"0":"post-3836","1":"post","2":"type-post","3":"status-publish","4":"format-standard","5":"has-post-thumbnail","7":"category-noticias"},"_links":{"self":[{"href":"https:\/\/tacuarembo.gub.uy\/index.php?rest_route=\/wp\/v2\/posts\/3836","targetHints":{"allow":["GET"]}}],"collection":[{"href":"https:\/\/tacuarembo.gub.uy\/index.php?rest_route=\/wp\/v2\/posts"}],"about":[{"href":"https:\/\/tacuarembo.gub.uy\/index.php?rest_route=\/wp\/v2\/types\/post"}],"author":[{"embeddable":true,"href":"https:\/\/tacuarembo.gub.uy\/index.php?rest_route=\/wp\/v2\/users\/3"}],"replies":[{"embeddable":true,"href":"https:\/\/tacuarembo.gub.uy\/index.php?rest_route=%2Fwp%2Fv2%2Fcomments&post=3836"}],"version-history":[{"count":1,"href":"https:\/\/tacuarembo.gub.uy\/index.php?rest_route=\/wp\/v2\/posts\/3836\/revisions"}],"predecessor-version":[{"id":3838,"href":"https:\/\/tacuarembo.gub.uy\/index.php?rest_route=\/wp\/v2\/posts\/3836\/revisions\/3838"}],"wp:featuredmedia":[{"embeddable":true,"href":"https:\/\/tacuarembo.gub.uy\/index.php?rest_route=\/wp\/v2\/media\/3837"}],"wp:attachment":[{"href":"https:\/\/tacuarembo.gub.uy\/index.php?rest_route=%2Fwp%2Fv2%2Fmedia&parent=3836"}],"wp:term":[{"taxonomy":"category","embeddable":true,"href":"https:\/\/tacuarembo.gub.uy\/index.php?rest_route=%2Fwp%2Fv2%2Fcategories&post=3836"},{"taxonomy":"post_tag","embeddable":true,"href":"https:\/\/tacuarembo.gub.uy\/index.php?rest_route=%2Fwp%2Fv2%2Ftags&post=3836"}],"curies":[{"name":"wp","href":"https:\/\/api.w.org\/{rel}","templated":true}]}}