{"id":3825,"date":"2019-08-08T14:13:42","date_gmt":"2019-08-08T14:13:42","guid":{"rendered":"https:\/\/tacuarembo.gub.uy\/?p=3825"},"modified":"2019-08-14T19:38:46","modified_gmt":"2019-08-14T19:38:46","slug":"paso-de-los-toros-reconoce-a-la-comunidad-de-achar-en-los-60-anos-de-la-inundaciones-de-1959","status":"publish","type":"post","link":"https:\/\/tacuarembo.gub.uy\/?p=3825","title":{"rendered":"Paso de los Toros reconoce a la comunidad de Achar en los 60 a\u00f1os de la Inundaciones de 1959"},"content":{"rendered":"\n<p>El Intendente Eber Da Rosa recibi\u00f3 la delegaci\u00f3n y particip\u00f3 del acto en la Escuela 4. A las 8.30 de la ma\u00f1ana de este jueves 8 de agosto parti\u00f3 el tren desde Paso de los Toros con destino a Achar, en el cual viajaron autoridades, escolares y vecinos, en el marco de la recordaci\u00f3n de la evacuaci\u00f3n de 1959, como forma de agradecer a la vecina localidad su apoyo y solidaridad durante ese acontecimiento.<\/p>\n\n\n\n<p>El convoy estuvo conformado por tres vagones, n\u00famero que se increment\u00f3 a partir de la gran demanda de interesados. En la Escuela 4 de Achar se desarroll\u00f3 el acto recordatorio con entrega de placas a la comunidad, reconocimiento a familias de la zona y se exhibi\u00f3 un audiovisual de contenido hist\u00f3rico con im\u00e1genes y testimonios.<\/p>\n\n\n\n\t\t<style type=\"text\/css\">\n\t\t\t#gallery-1 {\n\t\t\t\tmargin: auto;\n\t\t\t}\n\t\t\t#gallery-1 .gallery-item {\n\t\t\t\tfloat: left;\n\t\t\t\tmargin-top: 10px;\n\t\t\t\ttext-align: center;\n\t\t\t\twidth: 33%;\n\t\t\t}\n\t\t\t#gallery-1 img {\n\t\t\t\tborder: 2px solid #cfcfcf;\n\t\t\t}\n\t\t\t#gallery-1 .gallery-caption {\n\t\t\t\tmargin-left: 0;\n\t\t\t}\n\t\t\t\/* see gallery_shortcode() in wp-includes\/media.php *\/\n\t\t<\/style>\n\t\t<div id='gallery-1' class='gallery galleryid-3825 gallery-columns-3 gallery-size-full'><dl class='gallery-item'>\n\t\t\t<dt class='gallery-icon landscape'>\n\t\t\t\t<a href='https:\/\/tacuarembo.gub.uy\/wp-content\/uploads\/WhatsApp-Image-2019-08-08-at-11.04.04.jpeg'><img loading=\"lazy\" decoding=\"async\" width=\"1600\" height=\"900\" src=\"https:\/\/tacuarembo.gub.uy\/wp-content\/uploads\/WhatsApp-Image-2019-08-08-at-11.04.04.jpeg\" class=\"attachment-full size-full\" alt=\"\" srcset=\"https:\/\/tacuarembo.gub.uy\/wp-content\/uploads\/WhatsApp-Image-2019-08-08-at-11.04.04.jpeg 1600w, https:\/\/tacuarembo.gub.uy\/wp-content\/uploads\/WhatsApp-Image-2019-08-08-at-11.04.04-768x432.jpeg 768w\" sizes=\"auto, (max-width: 1600px) 100vw, 1600px\" \/><\/a>\n\t\t\t<\/dt><\/dl><dl class='gallery-item'>\n\t\t\t<dt class='gallery-icon landscape'>\n\t\t\t\t<a href='https:\/\/tacuarembo.gub.uy\/wp-content\/uploads\/WhatsApp-Image-2019-08-08-at-11.04.051.jpeg'><img loading=\"lazy\" decoding=\"async\" width=\"1509\" height=\"651\" src=\"https:\/\/tacuarembo.gub.uy\/wp-content\/uploads\/WhatsApp-Image-2019-08-08-at-11.04.051.jpeg\" class=\"attachment-full size-full\" alt=\"\" srcset=\"https:\/\/tacuarembo.gub.uy\/wp-content\/uploads\/WhatsApp-Image-2019-08-08-at-11.04.051.jpeg 1509w, https:\/\/tacuarembo.gub.uy\/wp-content\/uploads\/WhatsApp-Image-2019-08-08-at-11.04.051-768x331.jpeg 768w\" sizes=\"auto, (max-width: 1509px) 100vw, 1509px\" \/><\/a>\n\t\t\t<\/dt><\/dl><dl class='gallery-item'>\n\t\t\t<dt class='gallery-icon landscape'>\n\t\t\t\t<a href='https:\/\/tacuarembo.gub.uy\/wp-content\/uploads\/WhatsApp-Image-2019-08-08-at-11.04.05.jpeg'><img loading=\"lazy\" decoding=\"async\" width=\"1039\" height=\"856\" src=\"https:\/\/tacuarembo.gub.uy\/wp-content\/uploads\/WhatsApp-Image-2019-08-08-at-11.04.05.jpeg\" class=\"attachment-full size-full\" alt=\"\" srcset=\"https:\/\/tacuarembo.gub.uy\/wp-content\/uploads\/WhatsApp-Image-2019-08-08-at-11.04.05.jpeg 1039w, https:\/\/tacuarembo.gub.uy\/wp-content\/uploads\/WhatsApp-Image-2019-08-08-at-11.04.05-768x633.jpeg 768w\" sizes=\"auto, (max-width: 1039px) 100vw, 1039px\" \/><\/a>\n\t\t\t<\/dt><\/dl><br style=\"clear: both\" \/><dl class='gallery-item'>\n\t\t\t<dt class='gallery-icon landscape'>\n\t\t\t\t<a href='https:\/\/tacuarembo.gub.uy\/wp-content\/uploads\/WhatsApp-Image-2019-08-08-at-11.04.061.jpeg'><img loading=\"lazy\" decoding=\"async\" width=\"1600\" height=\"1200\" src=\"https:\/\/tacuarembo.gub.uy\/wp-content\/uploads\/WhatsApp-Image-2019-08-08-at-11.04.061.jpeg\" class=\"attachment-full size-full\" alt=\"\" srcset=\"https:\/\/tacuarembo.gub.uy\/wp-content\/uploads\/WhatsApp-Image-2019-08-08-at-11.04.061.jpeg 1600w, https:\/\/tacuarembo.gub.uy\/wp-content\/uploads\/WhatsApp-Image-2019-08-08-at-11.04.061-768x576.jpeg 768w\" sizes=\"auto, (max-width: 1600px) 100vw, 1600px\" \/><\/a>\n\t\t\t<\/dt><\/dl><dl class='gallery-item'>\n\t\t\t<dt class='gallery-icon landscape'>\n\t\t\t\t<a href='https:\/\/tacuarembo.gub.uy\/wp-content\/uploads\/WhatsApp-Image-2019-08-08-at-11.04.062.jpeg'><img loading=\"lazy\" decoding=\"async\" width=\"1600\" height=\"900\" src=\"https:\/\/tacuarembo.gub.uy\/wp-content\/uploads\/WhatsApp-Image-2019-08-08-at-11.04.062.jpeg\" class=\"attachment-full size-full\" alt=\"\" srcset=\"https:\/\/tacuarembo.gub.uy\/wp-content\/uploads\/WhatsApp-Image-2019-08-08-at-11.04.062.jpeg 1600w, https:\/\/tacuarembo.gub.uy\/wp-content\/uploads\/WhatsApp-Image-2019-08-08-at-11.04.062-768x432.jpeg 768w\" sizes=\"auto, (max-width: 1600px) 100vw, 1600px\" \/><\/a>\n\t\t\t<\/dt><\/dl><dl class='gallery-item'>\n\t\t\t<dt class='gallery-icon landscape'>\n\t\t\t\t<a href='https:\/\/tacuarembo.gub.uy\/wp-content\/uploads\/WhatsApp-Image-2019-08-08-at-11.04.06.jpeg'><img loading=\"lazy\" decoding=\"async\" width=\"1600\" height=\"777\" src=\"https:\/\/tacuarembo.gub.uy\/wp-content\/uploads\/WhatsApp-Image-2019-08-08-at-11.04.06.jpeg\" class=\"attachment-full size-full\" alt=\"\" srcset=\"https:\/\/tacuarembo.gub.uy\/wp-content\/uploads\/WhatsApp-Image-2019-08-08-at-11.04.06.jpeg 1600w, https:\/\/tacuarembo.gub.uy\/wp-content\/uploads\/WhatsApp-Image-2019-08-08-at-11.04.06-768x373.jpeg 768w\" sizes=\"auto, (max-width: 1600px) 100vw, 1600px\" \/><\/a>\n\t\t\t<\/dt><\/dl><br style=\"clear: both\" \/><dl class='gallery-item'>\n\t\t\t<dt class='gallery-icon portrait'>\n\t\t\t\t<a href='https:\/\/tacuarembo.gub.uy\/wp-content\/uploads\/WhatsApp-Image-2019-08-08-at-11.04.07.jpeg'><img loading=\"lazy\" decoding=\"async\" width=\"968\" height=\"1296\" src=\"https:\/\/tacuarembo.gub.uy\/wp-content\/uploads\/WhatsApp-Image-2019-08-08-at-11.04.07.jpeg\" class=\"attachment-full size-full\" alt=\"\" srcset=\"https:\/\/tacuarembo.gub.uy\/wp-content\/uploads\/WhatsApp-Image-2019-08-08-at-11.04.07.jpeg 968w, https:\/\/tacuarembo.gub.uy\/wp-content\/uploads\/WhatsApp-Image-2019-08-08-at-11.04.07-768x1028.jpeg 768w\" sizes=\"auto, (max-width: 968px) 100vw, 968px\" \/><\/a>\n\t\t\t<\/dt><\/dl><dl class='gallery-item'>\n\t\t\t<dt class='gallery-icon landscape'>\n\t\t\t\t<a href='https:\/\/tacuarembo.gub.uy\/wp-content\/uploads\/WhatsApp-Image-2019-08-08-at-11.27.52.jpeg'><img loading=\"lazy\" decoding=\"async\" width=\"1408\" height=\"1056\" src=\"https:\/\/tacuarembo.gub.uy\/wp-content\/uploads\/WhatsApp-Image-2019-08-08-at-11.27.52.jpeg\" class=\"attachment-full size-full\" alt=\"\" srcset=\"https:\/\/tacuarembo.gub.uy\/wp-content\/uploads\/WhatsApp-Image-2019-08-08-at-11.27.52.jpeg 1408w, https:\/\/tacuarembo.gub.uy\/wp-content\/uploads\/WhatsApp-Image-2019-08-08-at-11.27.52-768x576.jpeg 768w\" sizes=\"auto, (max-width: 1408px) 100vw, 1408px\" \/><\/a>\n\t\t\t<\/dt><\/dl>\n\t\t\t<br style='clear: both' \/>\n\t\t<\/div>\n","protected":false},"excerpt":{"rendered":"<p>El Intendente Eber Da Rosa recibi\u00f3 la delegaci\u00f3n y particip\u00f3 del acto en la Escuela 4. A las 8.30 de la ma\u00f1ana de este jueves 8 de agosto parti\u00f3 el tren desde Paso de los Toros con destino a Achar, en el cual viajaron autoridades, escolares y vecinos, en el marco de la recordaci\u00f3n de la evacuaci\u00f3n de 1959, como forma de agradecer a la vecina localidad su apoyo y solidaridad durante ese acontecimiento.<\/p>\n","protected":false},"author":3,"featured_media":3828,"comment_status":"open","ping_status":"open","sticky":false,"template":"","format":"standard","meta":{"_eb_attr":"","footnotes":""},"categories":[16],"tags":[],"class_list":{"0":"post-3825","1":"post","2":"type-post","3":"status-publish","4":"format-standard","5":"has-post-thumbnail","7":"category-noticias"},"_links":{"self":[{"href":"https:\/\/tacuarembo.gub.uy\/index.php?rest_route=\/wp\/v2\/posts\/3825","targetHints":{"allow":["GET"]}}],"collection":[{"href":"https:\/\/tacuarembo.gub.uy\/index.php?rest_route=\/wp\/v2\/posts"}],"about":[{"href":"https:\/\/tacuarembo.gub.uy\/index.php?rest_route=\/wp\/v2\/types\/post"}],"author":[{"embeddable":true,"href":"https:\/\/tacuarembo.gub.uy\/index.php?rest_route=\/wp\/v2\/users\/3"}],"replies":[{"embeddable":true,"href":"https:\/\/tacuarembo.gub.uy\/index.php?rest_route=%2Fwp%2Fv2%2Fcomments&post=3825"}],"version-history":[{"count":3,"href":"https:\/\/tacuarembo.gub.uy\/index.php?rest_route=\/wp\/v2\/posts\/3825\/revisions"}],"predecessor-version":[{"id":3868,"href":"https:\/\/tacuarembo.gub.uy\/index.php?rest_route=\/wp\/v2\/posts\/3825\/revisions\/3868"}],"wp:featuredmedia":[{"embeddable":true,"href":"https:\/\/tacuarembo.gub.uy\/index.php?rest_route=\/wp\/v2\/media\/3828"}],"wp:attachment":[{"href":"https:\/\/tacuarembo.gub.uy\/index.php?rest_route=%2Fwp%2Fv2%2Fmedia&parent=3825"}],"wp:term":[{"taxonomy":"category","embeddable":true,"href":"https:\/\/tacuarembo.gub.uy\/index.php?rest_route=%2Fwp%2Fv2%2Fcategories&post=3825"},{"taxonomy":"post_tag","embeddable":true,"href":"https:\/\/tacuarembo.gub.uy\/index.php?rest_route=%2Fwp%2Fv2%2Ftags&post=3825"}],"curies":[{"name":"wp","href":"https:\/\/api.w.org\/{rel}","templated":true}]}}