{"id":3819,"date":"2019-08-07T23:04:48","date_gmt":"2019-08-07T23:04:48","guid":{"rendered":"https:\/\/tacuarembo.gub.uy\/?p=3819"},"modified":"2019-08-07T23:04:48","modified_gmt":"2019-08-07T23:04:48","slug":"retiro-de-carteleria-politica","status":"publish","type":"post","link":"https:\/\/tacuarembo.gub.uy\/?p=3819","title":{"rendered":"Retiro de carteler\u00eda pol\u00edtica"},"content":{"rendered":"\n<p>La\nIntendencia de Tacuaremb\u00f3 informa que se viene realizando el retiro de\ncarteler\u00eda pol\u00edtica por parte de una cuadrilla de funcionarios, luego de\nculminado, los diferentes partidos y agrupaciones pol\u00edticas, a partir del lunes\n12 de agosto, podr\u00e1n recuperar la misma, hasta el mi\u00e9rcoles 14 de agosto\ninclusive, contact\u00e1ndose para ello con el Se\u00f1or Ariel Rodr\u00edguez por el tel.\n091463002.<\/p>\n","protected":false},"excerpt":{"rendered":"<p>La Intendencia de Tacuaremb\u00f3 informa que se viene realizando el retiro de carteler\u00eda pol\u00edtica por parte de una cuadrilla de funcionarios, luego de culminado, los diferentes partidos y agrupaciones pol\u00edticas, a partir del lunes 12 de agosto, podr\u00e1n recuperar la misma, hasta el mi\u00e9rcoles 14 de agosto inclusive, contact\u00e1ndose para ello con el Se\u00f1or Ariel Rodr\u00edguez por el tel. 091463002.<\/p>\n","protected":false},"author":3,"featured_media":3820,"comment_status":"open","ping_status":"open","sticky":false,"template":"","format":"standard","meta":{"_eb_attr":"","footnotes":""},"categories":[16],"tags":[],"class_list":{"0":"post-3819","1":"post","2":"type-post","3":"status-publish","4":"format-standard","5":"has-post-thumbnail","7":"category-noticias"},"_links":{"self":[{"href":"https:\/\/tacuarembo.gub.uy\/index.php?rest_route=\/wp\/v2\/posts\/3819","targetHints":{"allow":["GET"]}}],"collection":[{"href":"https:\/\/tacuarembo.gub.uy\/index.php?rest_route=\/wp\/v2\/posts"}],"about":[{"href":"https:\/\/tacuarembo.gub.uy\/index.php?rest_route=\/wp\/v2\/types\/post"}],"author":[{"embeddable":true,"href":"https:\/\/tacuarembo.gub.uy\/index.php?rest_route=\/wp\/v2\/users\/3"}],"replies":[{"embeddable":true,"href":"https:\/\/tacuarembo.gub.uy\/index.php?rest_route=%2Fwp%2Fv2%2Fcomments&post=3819"}],"version-history":[{"count":1,"href":"https:\/\/tacuarembo.gub.uy\/index.php?rest_route=\/wp\/v2\/posts\/3819\/revisions"}],"predecessor-version":[{"id":3821,"href":"https:\/\/tacuarembo.gub.uy\/index.php?rest_route=\/wp\/v2\/posts\/3819\/revisions\/3821"}],"wp:featuredmedia":[{"embeddable":true,"href":"https:\/\/tacuarembo.gub.uy\/index.php?rest_route=\/wp\/v2\/media\/3820"}],"wp:attachment":[{"href":"https:\/\/tacuarembo.gub.uy\/index.php?rest_route=%2Fwp%2Fv2%2Fmedia&parent=3819"}],"wp:term":[{"taxonomy":"category","embeddable":true,"href":"https:\/\/tacuarembo.gub.uy\/index.php?rest_route=%2Fwp%2Fv2%2Fcategories&post=3819"},{"taxonomy":"post_tag","embeddable":true,"href":"https:\/\/tacuarembo.gub.uy\/index.php?rest_route=%2Fwp%2Fv2%2Ftags&post=3819"}],"curies":[{"name":"wp","href":"https:\/\/api.w.org\/{rel}","templated":true}]}}