{"id":3794,"date":"2019-08-05T21:29:41","date_gmt":"2019-08-05T21:29:41","guid":{"rendered":"https:\/\/tacuarembo.gub.uy\/?p=3794"},"modified":"2019-08-05T21:29:41","modified_gmt":"2019-08-05T21:29:41","slug":"precaucion-en-el-transito","status":"publish","type":"post","link":"https:\/\/tacuarembo.gub.uy\/?p=3794","title":{"rendered":"Precauci\u00f3n en el tr\u00e1nsito"},"content":{"rendered":"\n<p>\u200bLa&nbsp;Dir.Gral. de&nbsp;Tr\u00e1nsito y Transporte informa y advierte a todos los conductores de veh\u00edculos, que deben tomar los recaudos correspondientes al circular por calle Gral. Artigas, entre calles 18 de julio y 25 de mayo, debido a que, moment\u00e1neamente, el espacio de circulaci\u00f3n est\u00e1 m\u00e1s angosto pues se viene realizando refacciones en el pavimento por parte de personal de la Dir. de Obras.<\/p>\n","protected":false},"excerpt":{"rendered":"<p>\u200bLa Dir.Gral. de Tr\u00e1nsito y Transporte informa y advierte a todos los conductores de veh\u00edculos, que deben tomar los recaudos correspondientes al circular por calle Gral. Artigas, entre calles 18 de julio y 25 de mayo, debido a que, moment\u00e1neamente, el espacio de circulaci\u00f3n est\u00e1 m\u00e1s angosto pues se viene realizando refacciones en el pavimento por parte de personal de la Dir. de Obras<\/p>\n","protected":false},"author":3,"featured_media":3795,"comment_status":"open","ping_status":"open","sticky":false,"template":"","format":"standard","meta":{"_eb_attr":"","footnotes":""},"categories":[16],"tags":[],"class_list":{"0":"post-3794","1":"post","2":"type-post","3":"status-publish","4":"format-standard","5":"has-post-thumbnail","7":"category-noticias"},"_links":{"self":[{"href":"https:\/\/tacuarembo.gub.uy\/index.php?rest_route=\/wp\/v2\/posts\/3794","targetHints":{"allow":["GET"]}}],"collection":[{"href":"https:\/\/tacuarembo.gub.uy\/index.php?rest_route=\/wp\/v2\/posts"}],"about":[{"href":"https:\/\/tacuarembo.gub.uy\/index.php?rest_route=\/wp\/v2\/types\/post"}],"author":[{"embeddable":true,"href":"https:\/\/tacuarembo.gub.uy\/index.php?rest_route=\/wp\/v2\/users\/3"}],"replies":[{"embeddable":true,"href":"https:\/\/tacuarembo.gub.uy\/index.php?rest_route=%2Fwp%2Fv2%2Fcomments&post=3794"}],"version-history":[{"count":1,"href":"https:\/\/tacuarembo.gub.uy\/index.php?rest_route=\/wp\/v2\/posts\/3794\/revisions"}],"predecessor-version":[{"id":3796,"href":"https:\/\/tacuarembo.gub.uy\/index.php?rest_route=\/wp\/v2\/posts\/3794\/revisions\/3796"}],"wp:featuredmedia":[{"embeddable":true,"href":"https:\/\/tacuarembo.gub.uy\/index.php?rest_route=\/wp\/v2\/media\/3795"}],"wp:attachment":[{"href":"https:\/\/tacuarembo.gub.uy\/index.php?rest_route=%2Fwp%2Fv2%2Fmedia&parent=3794"}],"wp:term":[{"taxonomy":"category","embeddable":true,"href":"https:\/\/tacuarembo.gub.uy\/index.php?rest_route=%2Fwp%2Fv2%2Fcategories&post=3794"},{"taxonomy":"post_tag","embeddable":true,"href":"https:\/\/tacuarembo.gub.uy\/index.php?rest_route=%2Fwp%2Fv2%2Ftags&post=3794"}],"curies":[{"name":"wp","href":"https:\/\/api.w.org\/{rel}","templated":true}]}}