{"id":3786,"date":"2019-08-05T19:50:20","date_gmt":"2019-08-05T19:50:20","guid":{"rendered":"https:\/\/tacuarembo.gub.uy\/?p=3786"},"modified":"2019-08-05T19:50:20","modified_gmt":"2019-08-05T19:50:20","slug":"abel-duarte-21-agosto-1958-5-de-agosto-2019","status":"publish","type":"post","link":"https:\/\/tacuarembo.gub.uy\/?p=3786","title":{"rendered":"Abel Duarte, 21 agosto 1958 \u2013 5 de agosto 2019"},"content":{"rendered":"\n<p>En cada Rinc\u00f3n del pa\u00eds su particular voz y su personalidad\nmarcaron la identidad de generaciones que fueron adeptas a su forma diferente\nde comunicar.<\/p>\n\n\n\n<p>Estamp\u00f3 naturalidad, respeto y educaci\u00f3n, tejiendo mil y\nuna forma de imaginaci\u00f3n.<\/p>\n\n\n\n<p>Trasmiti\u00f3 y recogi\u00f3 sentimientos de los m\u00e1s diversos\nestratos sociales.<\/p>\n\n\n\n<p>Obra intangible de la sociedad, expresar, formar opini\u00f3n,\nconstruir pensamientos y por encima de todo mantener principios y valores que\nhacen grande a los humildes de coraz\u00f3n.<\/p>\n\n\n\n<p>En \u00e9l se intercalaron las m\u00e1s fuertes pasiones y una mirada\nparticular a los j\u00f3venes.<\/p>\n\n\n\n<p>Queda en la memoria colectiva su timbre de voz, su impronta\ny su mensaje.<\/p>\n\n\n\n<p>El viento caracter\u00edstico de su Villa Tambores y de su\npueblo natal, Los Rosano, sin duda trasportar\u00e1 a nuestros o\u00eddos y a nuestra\nmemoria, la calidez de su personalidad.<\/p>\n\n\n\n<p>El Gobierno Departamental, a trav\u00e9s del \u00d3rgano Ejecutivo,\nagradece y reconoce al hijo de esta tierra, quien nunca reneg\u00f3 de sus or\u00edgenes\ny que se transform\u00f3 en embajador de su pueblo.<\/p>\n\n\n\n<p>Enviamos un apretado abrazo de solidaridad a la familia, a\nsus amigos, y muy especialmente a aquellos que crecimos con esta identidad que\nya es parte de la historia art\u00edstica y cultural del pa\u00eds.&nbsp; Dr. Eber da Rosa V\u00e1zquez, Intendente de\nTacuaremb\u00f3; Dr. Jos\u00e9 Omar Men\u00e9ndez Balsemao, Secretario General.<\/p>\n","protected":false},"excerpt":{"rendered":"<p>El Gobierno Departamental, a trav\u00e9s del \u00d3rgano Ejecutivo, agradece y reconoce al hijo de esta tierra, quien nunca reneg\u00f3 de sus or\u00edgenes y que se transform\u00f3 en embajador de su pueblo.<\/p>\n","protected":false},"author":3,"featured_media":3787,"comment_status":"open","ping_status":"open","sticky":false,"template":"","format":"standard","meta":{"_eb_attr":"","footnotes":""},"categories":[16],"tags":[],"class_list":{"0":"post-3786","1":"post","2":"type-post","3":"status-publish","4":"format-standard","5":"has-post-thumbnail","7":"category-noticias"},"_links":{"self":[{"href":"https:\/\/tacuarembo.gub.uy\/index.php?rest_route=\/wp\/v2\/posts\/3786","targetHints":{"allow":["GET"]}}],"collection":[{"href":"https:\/\/tacuarembo.gub.uy\/index.php?rest_route=\/wp\/v2\/posts"}],"about":[{"href":"https:\/\/tacuarembo.gub.uy\/index.php?rest_route=\/wp\/v2\/types\/post"}],"author":[{"embeddable":true,"href":"https:\/\/tacuarembo.gub.uy\/index.php?rest_route=\/wp\/v2\/users\/3"}],"replies":[{"embeddable":true,"href":"https:\/\/tacuarembo.gub.uy\/index.php?rest_route=%2Fwp%2Fv2%2Fcomments&post=3786"}],"version-history":[{"count":1,"href":"https:\/\/tacuarembo.gub.uy\/index.php?rest_route=\/wp\/v2\/posts\/3786\/revisions"}],"predecessor-version":[{"id":3788,"href":"https:\/\/tacuarembo.gub.uy\/index.php?rest_route=\/wp\/v2\/posts\/3786\/revisions\/3788"}],"wp:featuredmedia":[{"embeddable":true,"href":"https:\/\/tacuarembo.gub.uy\/index.php?rest_route=\/wp\/v2\/media\/3787"}],"wp:attachment":[{"href":"https:\/\/tacuarembo.gub.uy\/index.php?rest_route=%2Fwp%2Fv2%2Fmedia&parent=3786"}],"wp:term":[{"taxonomy":"category","embeddable":true,"href":"https:\/\/tacuarembo.gub.uy\/index.php?rest_route=%2Fwp%2Fv2%2Fcategories&post=3786"},{"taxonomy":"post_tag","embeddable":true,"href":"https:\/\/tacuarembo.gub.uy\/index.php?rest_route=%2Fwp%2Fv2%2Ftags&post=3786"}],"curies":[{"name":"wp","href":"https:\/\/api.w.org\/{rel}","templated":true}]}}