{"id":3778,"date":"2019-08-01T23:49:05","date_gmt":"2019-08-01T23:49:05","guid":{"rendered":"https:\/\/tacuarembo.gub.uy\/?p=3778"},"modified":"2019-08-01T23:49:05","modified_gmt":"2019-08-01T23:49:05","slug":"reunion-informativa-en-barrio-godoy","status":"publish","type":"post","link":"https:\/\/tacuarembo.gub.uy\/?p=3778","title":{"rendered":"Reuni\u00f3n informativa en barrio Godoy"},"content":{"rendered":"\n<p>La Dir.Gral. de\nDesarrollo Social, Promoci\u00f3n Social, conjuntamente con la Comisi\u00f3n\nAdministradora de Sal\u00f3n Comunal \u201cJuan Carlos Albernaz\u201d en barrio Godoy, invita\na los vecinos para una reuni\u00f3n informativa, el pr\u00f3ximo mi\u00e9rcoles 7 de agosto a\nla hora 17:30 en el mencionado sal\u00f3n, a cargo de la Mtra. Mariela L\u00f3pez, Coord.\nDeptal. del Progr. de Alfabetizaci\u00f3n de Adultos, en la que se brindar\u00e1\ninformaci\u00f3n acerca del programa, alcances, poblaci\u00f3n destinataria y contenidos;\ndada la importancia de la continuidad del mismo, se solicita a los vecinos\nparticipar.<\/p>\n","protected":false},"excerpt":{"rendered":"<p>La Dir.Gral. de Desarrollo Social, Promoci\u00f3n Social, conjuntamente con la Comisi\u00f3n Administradora de Sal\u00f3n Comunal \u201cJuan Carlos Albernaz\u201d en barrio Godoy, invita a los vecinos para una reuni\u00f3n informativa, el pr\u00f3ximo mi\u00e9rcoles 7 de agosto a la hora 17:30 en el mencionado sal\u00f3n, a cargo de la Mtra. Mariela L\u00f3pez, Coord. Deptal. del Progr. de Alfabetizaci\u00f3n de Adultos, en la que se brindar\u00e1 informaci\u00f3n acerca del programa, alcances, poblaci\u00f3n destinataria y contenidos; dada la importancia de la continuidad del mismo, se solicita a los vecinos participar.<\/p>\n","protected":false},"author":3,"featured_media":3779,"comment_status":"open","ping_status":"open","sticky":false,"template":"","format":"standard","meta":{"_eb_attr":"","footnotes":""},"categories":[16],"tags":[],"class_list":{"0":"post-3778","1":"post","2":"type-post","3":"status-publish","4":"format-standard","5":"has-post-thumbnail","7":"category-noticias"},"_links":{"self":[{"href":"https:\/\/tacuarembo.gub.uy\/index.php?rest_route=\/wp\/v2\/posts\/3778","targetHints":{"allow":["GET"]}}],"collection":[{"href":"https:\/\/tacuarembo.gub.uy\/index.php?rest_route=\/wp\/v2\/posts"}],"about":[{"href":"https:\/\/tacuarembo.gub.uy\/index.php?rest_route=\/wp\/v2\/types\/post"}],"author":[{"embeddable":true,"href":"https:\/\/tacuarembo.gub.uy\/index.php?rest_route=\/wp\/v2\/users\/3"}],"replies":[{"embeddable":true,"href":"https:\/\/tacuarembo.gub.uy\/index.php?rest_route=%2Fwp%2Fv2%2Fcomments&post=3778"}],"version-history":[{"count":1,"href":"https:\/\/tacuarembo.gub.uy\/index.php?rest_route=\/wp\/v2\/posts\/3778\/revisions"}],"predecessor-version":[{"id":3780,"href":"https:\/\/tacuarembo.gub.uy\/index.php?rest_route=\/wp\/v2\/posts\/3778\/revisions\/3780"}],"wp:featuredmedia":[{"embeddable":true,"href":"https:\/\/tacuarembo.gub.uy\/index.php?rest_route=\/wp\/v2\/media\/3779"}],"wp:attachment":[{"href":"https:\/\/tacuarembo.gub.uy\/index.php?rest_route=%2Fwp%2Fv2%2Fmedia&parent=3778"}],"wp:term":[{"taxonomy":"category","embeddable":true,"href":"https:\/\/tacuarembo.gub.uy\/index.php?rest_route=%2Fwp%2Fv2%2Fcategories&post=3778"},{"taxonomy":"post_tag","embeddable":true,"href":"https:\/\/tacuarembo.gub.uy\/index.php?rest_route=%2Fwp%2Fv2%2Ftags&post=3778"}],"curies":[{"name":"wp","href":"https:\/\/api.w.org\/{rel}","templated":true}]}}