{"id":37715,"date":"2026-09-04T16:03:35","date_gmt":"2026-09-04T19:03:35","guid":{"rendered":"https:\/\/tacuarembo.gub.uy\/?p=37715"},"modified":"2026-09-04T16:03:39","modified_gmt":"2026-09-04T19:03:39","slug":"maria-dodera-llega-al-teatro-escayola-con-lady-macbeth-y-presenta-su-libro-sobre-direccion-teatral","status":"publish","type":"post","link":"https:\/\/tacuarembo.gub.uy\/?p=37715","title":{"rendered":"Mar\u00eda Dodera llega al Teatro Escayola con \u201cLady Macbeth\u201d y presenta su libro sobre direcci\u00f3n teatral"},"content":{"rendered":"\n<p class=\"wp-block-paragraph\">Este viernes 4 de setiembre, el Teatro Escayola recibir\u00e1 una doble propuesta cultural protagonizada por la reconocida directora uruguaya Mar\u00eda Dodera, quien presentar\u00e1 su libro Encuentro con la direcci\u00f3n y, posteriormente, llegar\u00e1 a escena con la obra \u201cLady Macbeth: sobre el poder en las sombras\u201d.<\/p>\n\n\n\n<p class=\"wp-block-paragraph\">A las 18:30 horas, Dodera presentar\u00e1 Encuentro con la direcci\u00f3n, una publicaci\u00f3n que propone un espacio de di\u00e1logo y reflexi\u00f3n sobre el arte de dirigir, abordando la direcci\u00f3n teatral desde la experiencia, el ensayo y la creaci\u00f3n colectiva.<\/p>\n\n\n\n<p class=\"wp-block-paragraph\">M\u00e1s tarde, a las 20:00 horas, se presentar\u00e1 \u201cLady Macbeth: sobre el poder en las sombras\u201d, con texto de Diego Ara\u00fajo, direcci\u00f3n de Mar\u00eda Dodera y actuaci\u00f3n de Sebasti\u00e1n Silvera Perdomo. La obra, producida por la Instituci\u00f3n Teatral El Galp\u00f3n, ofrece una mirada contempor\u00e1nea sobre el emblem\u00e1tico personaje de Shakespeare y explora temas como el poder, la ambici\u00f3n, el miedo y la culpa.<\/p>\n\n\n\n<figure class=\"wp-block-image size-large\"><img loading=\"lazy\" decoding=\"async\" width=\"746\" height=\"420\" src=\"https:\/\/tacuarembo.gub.uy\/wp-content\/uploads\/IMG-20260904-WA0058-746x420.jpg\" alt=\"\" class=\"wp-image-37716\" srcset=\"https:\/\/tacuarembo.gub.uy\/wp-content\/uploads\/IMG-20260904-WA0058-746x420.jpg 746w, https:\/\/tacuarembo.gub.uy\/wp-content\/uploads\/IMG-20260904-WA0058-320x180.jpg 320w, https:\/\/tacuarembo.gub.uy\/wp-content\/uploads\/IMG-20260904-WA0058-768x432.jpg 768w, https:\/\/tacuarembo.gub.uy\/wp-content\/uploads\/IMG-20260904-WA0058-1536x864.jpg 1536w, https:\/\/tacuarembo.gub.uy\/wp-content\/uploads\/IMG-20260904-WA0058.jpg 1672w\" sizes=\"auto, (max-width: 746px) 100vw, 746px\" \/><\/figure>\n\n\n\n<p class=\"wp-block-paragraph\">La funci\u00f3n contar\u00e1 adem\u00e1s con promoci\u00f3n especial 2&#215;1, completando una jornada que permitir\u00e1 al p\u00fablico acercarse tanto al pensamiento y la experiencia de Mar\u00eda Dodera como a su trabajo sobre el escenario del Teatro Escayola.<\/p>\n","protected":false},"excerpt":{"rendered":"<p>Este viernes 4 de setiembre, el Teatro Escayola recibir\u00e1 una doble propuesta cultural protagonizada por la reconocida directora uruguaya Mar\u00eda Dodera, quien presentar\u00e1 su libro Encuentro con la direcci\u00f3n y, posteriormente, llegar\u00e1 a escena con la obra \u201cLady Macbeth: sobre el poder en las sombras\u201d.<\/p>\n","protected":false},"author":3,"featured_media":37716,"comment_status":"closed","ping_status":"closed","sticky":false,"template":"","format":"standard","meta":{"_eb_attr":"","footnotes":""},"categories":[16],"tags":[],"class_list":["post-37715","post","type-post","status-publish","format-standard","has-post-thumbnail","category-noticias"],"_links":{"self":[{"href":"https:\/\/tacuarembo.gub.uy\/index.php?rest_route=\/wp\/v2\/posts\/37715","targetHints":{"allow":["GET"]}}],"collection":[{"href":"https:\/\/tacuarembo.gub.uy\/index.php?rest_route=\/wp\/v2\/posts"}],"about":[{"href":"https:\/\/tacuarembo.gub.uy\/index.php?rest_route=\/wp\/v2\/types\/post"}],"author":[{"embeddable":true,"href":"https:\/\/tacuarembo.gub.uy\/index.php?rest_route=\/wp\/v2\/users\/3"}],"replies":[{"embeddable":true,"href":"https:\/\/tacuarembo.gub.uy\/index.php?rest_route=%2Fwp%2Fv2%2Fcomments&post=37715"}],"version-history":[{"count":1,"href":"https:\/\/tacuarembo.gub.uy\/index.php?rest_route=\/wp\/v2\/posts\/37715\/revisions"}],"predecessor-version":[{"id":37717,"href":"https:\/\/tacuarembo.gub.uy\/index.php?rest_route=\/wp\/v2\/posts\/37715\/revisions\/37717"}],"wp:featuredmedia":[{"embeddable":true,"href":"https:\/\/tacuarembo.gub.uy\/index.php?rest_route=\/wp\/v2\/media\/37716"}],"wp:attachment":[{"href":"https:\/\/tacuarembo.gub.uy\/index.php?rest_route=%2Fwp%2Fv2%2Fmedia&parent=37715"}],"wp:term":[{"taxonomy":"category","embeddable":true,"href":"https:\/\/tacuarembo.gub.uy\/index.php?rest_route=%2Fwp%2Fv2%2Fcategories&post=37715"},{"taxonomy":"post_tag","embeddable":true,"href":"https:\/\/tacuarembo.gub.uy\/index.php?rest_route=%2Fwp%2Fv2%2Ftags&post=37715"}],"curies":[{"name":"wp","href":"https:\/\/api.w.org\/{rel}","templated":true}]}}