{"id":37711,"date":"2026-09-04T15:59:58","date_gmt":"2026-09-04T18:59:58","guid":{"rendered":"https:\/\/tacuarembo.gub.uy\/?p=37711"},"modified":"2026-09-04T16:16:57","modified_gmt":"2026-09-04T19:16:57","slug":"llamado-de-meritos-y-antecedentes-para-chofer-cobrador","status":"publish","type":"post","link":"https:\/\/tacuarembo.gub.uy\/?p=37711","title":{"rendered":"Llamado de M\u00e9ritos y Antecedentes para chofer-cobrador"},"content":{"rendered":"\n<p class=\"wp-block-paragraph\">La Intendencia Departamental de Tacuaremb\u00f3 comunica la apertura del Llamado de M\u00e9ritos y Antecedentes N\u00ba 0010\/2026, en el marco de la Ley N\u00ba 20.451, para ocupar un cargo de chofer-cobrador dentro de la Direcci\u00f3n de Transporte Urbano de Pasajeros.<\/p>\n\n\n\n<p class=\"wp-block-paragraph\">Las inscripciones se recibir\u00e1n desde el 7 hasta el 16 de setiembre de 2026, en el horario de 13:00 a 18:00 horas, en la Direcci\u00f3n de Recursos Humanos de la Intendencia de Tacuaremb\u00f3.<\/p>\n\n\n\n<p class=\"wp-block-paragraph\">Las personas interesadas podr\u00e1n consultar y descargar a continuaci\u00f3n las bases y condiciones del llamado, donde se detallan los requisitos, documentaci\u00f3n a presentar y dem\u00e1s aspectos del proceso de selecci\u00f3n.<\/p>\n\n\n\n<p class=\"wp-block-paragraph\">Per\u00edodo de inscripci\u00f3n: del 7 al 16 de setiembre de 2026.<br>Horario: de 13:00 a 18:00 horas.<br>Lugar: Direcci\u00f3n de Recursos Humanos.<br>Llamado: N\u00ba 0010\/2026 \u2013 Ley N\u00ba 20.451.<\/p>\n\n\n\n<div data-wp-interactive=\"core\/file\" class=\"wp-block-file\"><object data-wp-bind--hidden=\"!state.hasPdfPreview\" hidden class=\"wp-block-file__embed\" data=\"https:\/\/tacuarembo.gub.uy\/wp-content\/uploads\/LLAMADO-PUBLICO-N\u00b00010_260904_155816.pdf\" type=\"application\/pdf\" style=\"width:100%;height:600px\" aria-label=\"PDF incrustado\"><\/object><a href=\"https:\/\/tacuarembo.gub.uy\/wp-content\/uploads\/LLAMADO-PUBLICO-N\u00b00010_260904_155816.pdf\" class=\"wp-block-file__button wp-element-button\" download>Descargar llamado<\/a><\/div>\n","protected":false},"excerpt":{"rendered":"<p>La Intendencia Departamental de Tacuaremb\u00f3 comunica la apertura del Llamado de M\u00e9ritos y Antecedentes N\u00ba 0010\/2026, en el marco de la Ley N\u00ba 20.451, para ocupar un cargo de chofer-cobrador dentro de la Direcci\u00f3n de Transporte Urbano de Pasajeros<\/p>\n","protected":false},"author":3,"featured_media":37718,"comment_status":"closed","ping_status":"closed","sticky":false,"template":"","format":"standard","meta":{"_eb_attr":"","footnotes":""},"categories":[16],"tags":[],"class_list":["post-37711","post","type-post","status-publish","format-standard","has-post-thumbnail","category-noticias"],"_links":{"self":[{"href":"https:\/\/tacuarembo.gub.uy\/index.php?rest_route=\/wp\/v2\/posts\/37711","targetHints":{"allow":["GET"]}}],"collection":[{"href":"https:\/\/tacuarembo.gub.uy\/index.php?rest_route=\/wp\/v2\/posts"}],"about":[{"href":"https:\/\/tacuarembo.gub.uy\/index.php?rest_route=\/wp\/v2\/types\/post"}],"author":[{"embeddable":true,"href":"https:\/\/tacuarembo.gub.uy\/index.php?rest_route=\/wp\/v2\/users\/3"}],"replies":[{"embeddable":true,"href":"https:\/\/tacuarembo.gub.uy\/index.php?rest_route=%2Fwp%2Fv2%2Fcomments&post=37711"}],"version-history":[{"count":1,"href":"https:\/\/tacuarembo.gub.uy\/index.php?rest_route=\/wp\/v2\/posts\/37711\/revisions"}],"predecessor-version":[{"id":37714,"href":"https:\/\/tacuarembo.gub.uy\/index.php?rest_route=\/wp\/v2\/posts\/37711\/revisions\/37714"}],"wp:featuredmedia":[{"embeddable":true,"href":"https:\/\/tacuarembo.gub.uy\/index.php?rest_route=\/wp\/v2\/media\/37718"}],"wp:attachment":[{"href":"https:\/\/tacuarembo.gub.uy\/index.php?rest_route=%2Fwp%2Fv2%2Fmedia&parent=37711"}],"wp:term":[{"taxonomy":"category","embeddable":true,"href":"https:\/\/tacuarembo.gub.uy\/index.php?rest_route=%2Fwp%2Fv2%2Fcategories&post=37711"},{"taxonomy":"post_tag","embeddable":true,"href":"https:\/\/tacuarembo.gub.uy\/index.php?rest_route=%2Fwp%2Fv2%2Ftags&post=37711"}],"curies":[{"name":"wp","href":"https:\/\/api.w.org\/{rel}","templated":true}]}}