{"id":37684,"date":"2026-09-04T14:53:09","date_gmt":"2026-09-04T17:53:09","guid":{"rendered":"https:\/\/tacuarembo.gub.uy\/?p=37684"},"modified":"2026-09-04T14:59:34","modified_gmt":"2026-09-04T17:59:34","slug":"historias-de-ponchos-del-vellon-al-telar","status":"publish","type":"post","link":"https:\/\/tacuarembo.gub.uy\/?p=37684","title":{"rendered":"Historias de Ponchos: del vell\u00f3n al telar"},"content":{"rendered":"\n<p class=\"wp-block-paragraph\">El Centro Cultural Escayola recibi\u00f3 la muestra de Elena Dur\u00e1n, una propuesta que recorre el proceso de la lana desde el vell\u00f3n hasta el telar y pone en valor saberes, t\u00e9cnicas y tradiciones profundamente vinculadas a nuestra identidad.<\/p>\n\n\n\n<p class=\"wp-block-paragraph\">El secretario general de la Intendencia, Dr. Jos\u00e9 Omar Men\u00e9ndez, dio la bienvenida, felicit\u00f3 a la expositora y destac\u00f3 el aporte cultural de la muestra, as\u00ed como la posibilidad de que Tacuaremb\u00f3 pueda conocer una obra que refleja todo ese proceso artesanal.<\/p>\n\n\n\n<p class=\"wp-block-paragraph\">Por su parte, el presidente de la Fiesta de la Patria Gaucha, Arq. Hugo Pereda, subray\u00f3 la importancia de continuar impulsando acciones que reivindiquen y mantengan viva la esencia de la Patria Gaucha.<\/p>\n\n\n\n<p class=\"wp-block-paragraph\">Una propuesta que une patrimonio, tradici\u00f3n y cultura en Tacuaremb\u00f3.<\/p>\n\n\n\n<div class=\"wp-block-image-gallery-block-image-gallery-block\"><div class=\"eb-parent-wrapper eb-parent-eb-image-gallery-yfmlf \"><div class=\"eb-gallery-img-wrapper eb-image-gallery-yfmlf grid overlay-bottom caption-style-0   no-isotope \" data-id=\"eb-image-gallery-yfmlf\"><a href=\"https:\/\/tacuarembo.gub.uy\/wp-content\/uploads\/6363.jpg\" rel=\"noopener\" data-fslightbox=\"gallery\" data-type=\"image\" class=\"eb-gallery-img-content eb-filter-img-\"><span class=\"eb-gallery-link-wrapper\"><img decoding=\"async\" class=\"eb-gallery-img\" src=\"https:\/\/tacuarembo.gub.uy\/wp-content\/uploads\/6363.jpg\" image-index=\"0\" alt=\"\"\/><\/span><\/a><\/div><\/div><\/div>\n\n\n\n<p class=\"wp-block-paragraph\"><\/p>\n","protected":false},"excerpt":{"rendered":"<p>El Centro Cultural Escayola recibi\u00f3 la muestra de Elena Dur\u00e1n, una propuesta que recorre el proceso de la lana desde el vell\u00f3n hasta el telar y pone en valor saberes, t\u00e9cnicas y tradiciones profundamente vinculadas a nuestra identidad<\/p>\n","protected":false},"author":3,"featured_media":37662,"comment_status":"closed","ping_status":"closed","sticky":false,"template":"","format":"standard","meta":{"_eb_attr":"","footnotes":""},"categories":[16],"tags":[],"class_list":["post-37684","post","type-post","status-publish","format-standard","has-post-thumbnail","category-noticias"],"_links":{"self":[{"href":"https:\/\/tacuarembo.gub.uy\/index.php?rest_route=\/wp\/v2\/posts\/37684","targetHints":{"allow":["GET"]}}],"collection":[{"href":"https:\/\/tacuarembo.gub.uy\/index.php?rest_route=\/wp\/v2\/posts"}],"about":[{"href":"https:\/\/tacuarembo.gub.uy\/index.php?rest_route=\/wp\/v2\/types\/post"}],"author":[{"embeddable":true,"href":"https:\/\/tacuarembo.gub.uy\/index.php?rest_route=\/wp\/v2\/users\/3"}],"replies":[{"embeddable":true,"href":"https:\/\/tacuarembo.gub.uy\/index.php?rest_route=%2Fwp%2Fv2%2Fcomments&post=37684"}],"version-history":[{"count":2,"href":"https:\/\/tacuarembo.gub.uy\/index.php?rest_route=\/wp\/v2\/posts\/37684\/revisions"}],"predecessor-version":[{"id":37710,"href":"https:\/\/tacuarembo.gub.uy\/index.php?rest_route=\/wp\/v2\/posts\/37684\/revisions\/37710"}],"wp:attachment":[{"href":"https:\/\/tacuarembo.gub.uy\/index.php?rest_route=%2Fwp%2Fv2%2Fmedia&parent=37684"}],"wp:term":[{"taxonomy":"category","embeddable":true,"href":"https:\/\/tacuarembo.gub.uy\/index.php?rest_route=%2Fwp%2Fv2%2Fcategories&post=37684"},{"taxonomy":"post_tag","embeddable":true,"href":"https:\/\/tacuarembo.gub.uy\/index.php?rest_route=%2Fwp%2Fv2%2Ftags&post=37684"}],"curies":[{"name":"wp","href":"https:\/\/api.w.org\/{rel}","templated":true}]}}