{"id":37630,"date":"2026-09-03T16:27:38","date_gmt":"2026-09-03T19:27:38","guid":{"rendered":"https:\/\/tacuarembo.gub.uy\/?p=37630"},"modified":"2026-09-03T16:27:41","modified_gmt":"2026-09-03T19:27:41","slug":"dia-nacional-del-bibliotecologo-la-intendencia-reafirma-su-compromiso-con-las-bibliotecas-y-la-cultura","status":"publish","type":"post","link":"https:\/\/tacuarembo.gub.uy\/?p=37630","title":{"rendered":"D\u00eda Nacional del Bibliotec\u00f3logo: la Intendencia reafirma su compromiso con las bibliotecas y la cultura"},"content":{"rendered":"\n<p class=\"wp-block-paragraph\">En el marco del D\u00eda Nacional del Bibliotec\u00f3logo, la Intendencia de Tacuaremb\u00f3, Direcci\u00f3n General de Educaci\u00f3n y Cultura, a trav\u00e9s de la Coordinaci\u00f3n de Museos, reconoce y saluda a quienes desarrollan una tarea fundamental en la conservaci\u00f3n, organizaci\u00f3n y difusi\u00f3n del conocimiento.<\/p>\n\n\n\n<p class=\"wp-block-paragraph\">Las bibliotecas son mucho m\u00e1s que espacios donde se guardan libros. Son lugares de encuentro, aprendizaje, investigaci\u00f3n y acceso a la cultura, sostenidos por profesionales que orientan, acompa\u00f1an y mantienen viva la memoria colectiva.<\/p>\n\n\n\n<p class=\"wp-block-paragraph\">Desde la Coordinaci\u00f3n de Museos se trabaja para poner en valor y dar un nuevo impulso a las bibliotecas, fortaleciendo el v\u00ednculo entre los libros, el patrimonio, la historia y la comunidad.<\/p>\n\n\n\n<p class=\"wp-block-paragraph\">En ese camino, la Biblioteca Sara Ib\u00e1\u00f1ez ocupa un lugar destacado dentro del entramado cultural departamental. La propuesta es que cada vez m\u00e1s personas la conozcan, la visiten y la incorporen como un espacio propio para estudiar, leer, investigar, descubrir nuevos autores y acercarse a nuestra historia.<\/p>\n\n\n\n<p class=\"wp-block-paragraph\">Museos y bibliotecas comparten una misma misi\u00f3n: preservar la memoria y hacerla accesible a todos. Por eso, desde la Intendencia de Tacuaremb\u00f3 se contin\u00faa promoviendo la integraci\u00f3n de estos espacios culturales y su v\u00ednculo permanente con la ciudadan\u00eda.<\/p>\n\n\n\n<p class=\"wp-block-paragraph\">La Biblioteca Sara Ib\u00e1\u00f1ez permanece abierta de lunes a viernes, de 8:00 a 18:00 horas.<\/p>\n\n\n\n<p class=\"wp-block-paragraph\">En esta fecha especial, la Intendencia de Tacuaremb\u00f3 invita a la comunidad a acercarse, conocer y disfrutar de este espacio, entendiendo que la cultura se construye cuando los espacios culturales se encuentran con su gente.<\/p>\n\n\n\n<div class=\"wp-block-image-gallery-block-image-gallery-block\"><div class=\"eb-parent-wrapper eb-parent-eb-image-gallery-9v68r \"><div class=\"eb-gallery-img-wrapper eb-image-gallery-9v68r grid overlay-bottom caption-style-0   no-isotope \" data-id=\"eb-image-gallery-9v68r\"><a href=\"https:\/\/tacuarembo.gub.uy\/wp-content\/uploads\/5849.jpg\" rel=\"noopener\" data-fslightbox=\"gallery\" data-type=\"image\" class=\"eb-gallery-img-content eb-filter-img-\"><span class=\"eb-gallery-link-wrapper\"><img decoding=\"async\" class=\"eb-gallery-img\" src=\"https:\/\/tacuarembo.gub.uy\/wp-content\/uploads\/5849.jpg\" image-index=\"0\" alt=\"\"\/><\/span><\/a><\/div><\/div><\/div>\n","protected":false},"excerpt":{"rendered":"<p>En el marco del D\u00eda Nacional del Bibliotec\u00f3logo, la Intendencia de Tacuaremb\u00f3, Direcci\u00f3n General de Educaci\u00f3n y Cultura, a trav\u00e9s de la Coordinaci\u00f3n de Museos, reconoce y saluda a quienes desarrollan una tarea fundamental en la conservaci\u00f3n, organizaci\u00f3n y difusi\u00f3n del conocimiento<\/p>\n","protected":false},"author":3,"featured_media":37634,"comment_status":"closed","ping_status":"closed","sticky":false,"template":"","format":"standard","meta":{"_eb_attr":"","footnotes":""},"categories":[16],"tags":[],"class_list":["post-37630","post","type-post","status-publish","format-standard","has-post-thumbnail","category-noticias"],"_links":{"self":[{"href":"https:\/\/tacuarembo.gub.uy\/index.php?rest_route=\/wp\/v2\/posts\/37630","targetHints":{"allow":["GET"]}}],"collection":[{"href":"https:\/\/tacuarembo.gub.uy\/index.php?rest_route=\/wp\/v2\/posts"}],"about":[{"href":"https:\/\/tacuarembo.gub.uy\/index.php?rest_route=\/wp\/v2\/types\/post"}],"author":[{"embeddable":true,"href":"https:\/\/tacuarembo.gub.uy\/index.php?rest_route=\/wp\/v2\/users\/3"}],"replies":[{"embeddable":true,"href":"https:\/\/tacuarembo.gub.uy\/index.php?rest_route=%2Fwp%2Fv2%2Fcomments&post=37630"}],"version-history":[{"count":1,"href":"https:\/\/tacuarembo.gub.uy\/index.php?rest_route=\/wp\/v2\/posts\/37630\/revisions"}],"predecessor-version":[{"id":37636,"href":"https:\/\/tacuarembo.gub.uy\/index.php?rest_route=\/wp\/v2\/posts\/37630\/revisions\/37636"}],"wp:featuredmedia":[{"embeddable":true,"href":"https:\/\/tacuarembo.gub.uy\/index.php?rest_route=\/wp\/v2\/media\/37634"}],"wp:attachment":[{"href":"https:\/\/tacuarembo.gub.uy\/index.php?rest_route=%2Fwp%2Fv2%2Fmedia&parent=37630"}],"wp:term":[{"taxonomy":"category","embeddable":true,"href":"https:\/\/tacuarembo.gub.uy\/index.php?rest_route=%2Fwp%2Fv2%2Fcategories&post=37630"},{"taxonomy":"post_tag","embeddable":true,"href":"https:\/\/tacuarembo.gub.uy\/index.php?rest_route=%2Fwp%2Fv2%2Ftags&post=37630"}],"curies":[{"name":"wp","href":"https:\/\/api.w.org\/{rel}","templated":true}]}}