{"id":37624,"date":"2026-09-03T15:43:53","date_gmt":"2026-09-03T18:43:53","guid":{"rendered":"https:\/\/tacuarembo.gub.uy\/?p=37624"},"modified":"2026-09-03T15:43:56","modified_gmt":"2026-09-03T18:43:56","slug":"elena-duran-inaugura-historias-de-ponchos-un-recorrido-del-vellon-al-telar","status":"publish","type":"post","link":"https:\/\/tacuarembo.gub.uy\/?p=37624","title":{"rendered":"Elena Dur\u00e1n inaugura \u201cHistorias de Ponchos\u201d, un recorrido del vell\u00f3n al telar"},"content":{"rendered":"\n<p class=\"wp-block-paragraph\">Este jueves 3 de setiembre, a las 18 horas, se inaugurar\u00e1 en el Centro Cultural Escayola de Tacuaremb\u00f3 la muestra \u201cHistorias de Ponchos\u201d, de Elena Dur\u00e1n. La propuesta, impulsada desde el Museo del Gaucho y con el apoyo de la Fiesta de la Patria Gaucha, invita a recorrer el proceso que transforma la lana desde el vell\u00f3n hasta convertirse en una pieza cargada de identidad, tradici\u00f3n y cultura.<\/p>\n\n\n\n<p class=\"wp-block-paragraph\">La exposici\u00f3n presenta una selecci\u00f3n de ponchos de la colecci\u00f3n de Elena Dur\u00e1n, piezas que permiten apreciar t\u00e9cnicas, materiales y saberes transmitidos a trav\u00e9s de generaciones. El recorrido busca mostrar mucho m\u00e1s que el resultado final: pone en valor todo el camino de la lana, desde su origen y preparaci\u00f3n hasta el hilado y el trabajo en el telar.<\/p>\n\n\n\n<p class=\"wp-block-paragraph\">La iniciativa se vincula directamente con el Sistema Cultural de la Lana, declarado Patrimonio Cultural Inmaterial del Uruguay en setiembre de 2024. Este reconocimiento comprende un amplio conjunto de conocimientos y pr\u00e1cticas que involucran a productores, esquiladores, artesanos, trabajadores vinculados a la industria y artistas que encuentran en la lana una materia prima esencial para sus creaciones.<\/p>\n\n\n\n<figure class=\"wp-block-image size-large\"><img loading=\"lazy\" decoding=\"async\" width=\"746\" height=\"420\" src=\"https:\/\/tacuarembo.gub.uy\/wp-content\/uploads\/WhatsApp-Image-2026-09-03-at-15.34.48-746x420.jpeg\" alt=\"\" class=\"wp-image-37625\" srcset=\"https:\/\/tacuarembo.gub.uy\/wp-content\/uploads\/WhatsApp-Image-2026-09-03-at-15.34.48-746x420.jpeg 746w, https:\/\/tacuarembo.gub.uy\/wp-content\/uploads\/WhatsApp-Image-2026-09-03-at-15.34.48-320x180.jpeg 320w, https:\/\/tacuarembo.gub.uy\/wp-content\/uploads\/WhatsApp-Image-2026-09-03-at-15.34.48-768x432.jpeg 768w, https:\/\/tacuarembo.gub.uy\/wp-content\/uploads\/WhatsApp-Image-2026-09-03-at-15.34.48-1536x864.jpeg 1536w, https:\/\/tacuarembo.gub.uy\/wp-content\/uploads\/WhatsApp-Image-2026-09-03-at-15.34.48.jpeg 1672w\" sizes=\"auto, (max-width: 746px) 100vw, 746px\" \/><\/figure>\n\n\n\n<p class=\"wp-block-paragraph\">En ese contexto, \u201cHistorias de Ponchos\u201d propone mirar cada prenda como testimonio de una historia, donde convergen el trabajo rural, los saberes artesanales, la creatividad y una identidad profundamente vinculada al territorio uruguayo.<\/p>\n\n\n\n<p class=\"wp-block-paragraph\">La muestra adquiere una significaci\u00f3n especial en Tacuaremb\u00f3, tierra estrechamente vinculada a las tradiciones rurales y sede de la Fiesta de la Patria Gaucha, reafirmando el compromiso de preservar y difundir aquellas expresiones que forman parte del patrimonio cultural del pa\u00eds.<\/p>\n\n\n\n<p class=\"wp-block-paragraph\">La inauguraci\u00f3n ser\u00e1 hoy jueves 3 de setiembre, a las 18 horas, en el Centro Cultural Escayola, constituyendo una oportunidad para acercarse al universo del poncho y conocer, a trav\u00e9s de la colecci\u00f3n de Elena Dur\u00e1n, esa transformaci\u00f3n que comienza en el vell\u00f3n y culmina en el telar.<\/p>\n","protected":false},"excerpt":{"rendered":"<p>Este jueves 3 de setiembre, a las 18 horas, se inaugurar\u00e1 en el Centro Cultural Escayola de Tacuaremb\u00f3 la muestra \u201cHistorias de Ponchos\u201d, de Elena Dur\u00e1n. La propuesta, impulsada desde el Museo del Gaucho y con el apoyo de la Fiesta de la Patria Gaucha, invita a recorrer el proceso que transforma la lana desde el vell\u00f3n hasta convertirse en una pieza cargada de identidad, tradici\u00f3n y cultura<\/p>\n","protected":false},"author":3,"featured_media":37625,"comment_status":"closed","ping_status":"closed","sticky":false,"template":"","format":"standard","meta":{"_eb_attr":"","footnotes":""},"categories":[16],"tags":[],"class_list":["post-37624","post","type-post","status-publish","format-standard","has-post-thumbnail","category-noticias"],"_links":{"self":[{"href":"https:\/\/tacuarembo.gub.uy\/index.php?rest_route=\/wp\/v2\/posts\/37624","targetHints":{"allow":["GET"]}}],"collection":[{"href":"https:\/\/tacuarembo.gub.uy\/index.php?rest_route=\/wp\/v2\/posts"}],"about":[{"href":"https:\/\/tacuarembo.gub.uy\/index.php?rest_route=\/wp\/v2\/types\/post"}],"author":[{"embeddable":true,"href":"https:\/\/tacuarembo.gub.uy\/index.php?rest_route=\/wp\/v2\/users\/3"}],"replies":[{"embeddable":true,"href":"https:\/\/tacuarembo.gub.uy\/index.php?rest_route=%2Fwp%2Fv2%2Fcomments&post=37624"}],"version-history":[{"count":1,"href":"https:\/\/tacuarembo.gub.uy\/index.php?rest_route=\/wp\/v2\/posts\/37624\/revisions"}],"predecessor-version":[{"id":37626,"href":"https:\/\/tacuarembo.gub.uy\/index.php?rest_route=\/wp\/v2\/posts\/37624\/revisions\/37626"}],"wp:featuredmedia":[{"embeddable":true,"href":"https:\/\/tacuarembo.gub.uy\/index.php?rest_route=\/wp\/v2\/media\/37625"}],"wp:attachment":[{"href":"https:\/\/tacuarembo.gub.uy\/index.php?rest_route=%2Fwp%2Fv2%2Fmedia&parent=37624"}],"wp:term":[{"taxonomy":"category","embeddable":true,"href":"https:\/\/tacuarembo.gub.uy\/index.php?rest_route=%2Fwp%2Fv2%2Fcategories&post=37624"},{"taxonomy":"post_tag","embeddable":true,"href":"https:\/\/tacuarembo.gub.uy\/index.php?rest_route=%2Fwp%2Fv2%2Ftags&post=37624"}],"curies":[{"name":"wp","href":"https:\/\/api.w.org\/{rel}","templated":true}]}}