{"id":37620,"date":"2026-09-02T16:19:37","date_gmt":"2026-09-02T19:19:37","guid":{"rendered":"https:\/\/tacuarembo.gub.uy\/?p=37620"},"modified":"2026-09-02T16:19:40","modified_gmt":"2026-09-02T19:19:40","slug":"tacuarembo-presento-el-mes-de-la-diversidad","status":"publish","type":"post","link":"https:\/\/tacuarembo.gub.uy\/?p=37620","title":{"rendered":"Tacuaremb\u00f3 present\u00f3 el Mes de la Diversidad"},"content":{"rendered":"\n<p class=\"wp-block-paragraph\">La Intendencia de Tacuaremb\u00f3 present\u00f3 la agenda del Mes de la Diversidad, que comenzar\u00e1 este jueves 3 de setiembre, a las 19 horas, en el Centro de Barrio N\u00ba 1, con una charla sobre violencia dom\u00e9stica y de g\u00e9nero a cargo de Polic\u00eda Comunitaria.<\/p>\n\n\n\n<p class=\"wp-block-paragraph\">La programaci\u00f3n fue presentada por Alejandra Da Rosa, de la Oficina de Diversidad y G\u00e9nero de la Direcci\u00f3n General de Desarrollo Social; la alcaldesa de Villa Ansina, Ana Camejo; y el jefe de Polic\u00eda de Tacuaremb\u00f3, Roberto Pereira.<\/p>\n\n\n\n<p class=\"wp-block-paragraph\">Las actividades continuar\u00e1n el 19 de setiembre en Caraguat\u00e1, el 24 en Paso de los Toros, el 26 en Villa Ansina con la \u201cPrimavera Diversa\u201d, y culminar\u00e1n el 17 de octubre con la Marcha de la Diversidad en Tacuaremb\u00f3.<\/p>\n\n\n\n<p class=\"wp-block-paragraph\">La propuesta busca promover el respeto, la igualdad, la inclusi\u00f3n y la defensa de los derechos, mediante acciones coordinadas entre la Intendencia, los municipios y la Jefatura de Polic\u00eda.<\/p>\n\n\n\n<figure class=\"wp-block-image size-large\"><img loading=\"lazy\" decoding=\"async\" width=\"746\" height=\"420\" src=\"https:\/\/tacuarembo.gub.uy\/wp-content\/uploads\/WhatsApp-Image-2026-09-02-at-15.27.48-746x420.jpeg\" alt=\"\" class=\"wp-image-37621\" srcset=\"https:\/\/tacuarembo.gub.uy\/wp-content\/uploads\/WhatsApp-Image-2026-09-02-at-15.27.48-746x420.jpeg 746w, https:\/\/tacuarembo.gub.uy\/wp-content\/uploads\/WhatsApp-Image-2026-09-02-at-15.27.48-320x180.jpeg 320w, https:\/\/tacuarembo.gub.uy\/wp-content\/uploads\/WhatsApp-Image-2026-09-02-at-15.27.48-768x432.jpeg 768w, https:\/\/tacuarembo.gub.uy\/wp-content\/uploads\/WhatsApp-Image-2026-09-02-at-15.27.48-1536x865.jpeg 1536w, https:\/\/tacuarembo.gub.uy\/wp-content\/uploads\/WhatsApp-Image-2026-09-02-at-15.27.48.jpeg 2000w\" sizes=\"auto, (max-width: 746px) 100vw, 746px\" \/><\/figure>\n","protected":false},"excerpt":{"rendered":"<p>La Intendencia de Tacuaremb\u00f3 present\u00f3 la agenda del Mes de la Diversidad, que comenzar\u00e1 este jueves 3 de setiembre, a las 19 horas, en el Centro de Barrio N\u00ba 1, con una charla sobre violencia dom\u00e9stica y de g\u00e9nero a cargo de Polic\u00eda Comunitaria<\/p>\n","protected":false},"author":3,"featured_media":37621,"comment_status":"closed","ping_status":"closed","sticky":false,"template":"","format":"standard","meta":{"_eb_attr":"","footnotes":""},"categories":[16],"tags":[],"class_list":["post-37620","post","type-post","status-publish","format-standard","has-post-thumbnail","category-noticias"],"_links":{"self":[{"href":"https:\/\/tacuarembo.gub.uy\/index.php?rest_route=\/wp\/v2\/posts\/37620","targetHints":{"allow":["GET"]}}],"collection":[{"href":"https:\/\/tacuarembo.gub.uy\/index.php?rest_route=\/wp\/v2\/posts"}],"about":[{"href":"https:\/\/tacuarembo.gub.uy\/index.php?rest_route=\/wp\/v2\/types\/post"}],"author":[{"embeddable":true,"href":"https:\/\/tacuarembo.gub.uy\/index.php?rest_route=\/wp\/v2\/users\/3"}],"replies":[{"embeddable":true,"href":"https:\/\/tacuarembo.gub.uy\/index.php?rest_route=%2Fwp%2Fv2%2Fcomments&post=37620"}],"version-history":[{"count":1,"href":"https:\/\/tacuarembo.gub.uy\/index.php?rest_route=\/wp\/v2\/posts\/37620\/revisions"}],"predecessor-version":[{"id":37622,"href":"https:\/\/tacuarembo.gub.uy\/index.php?rest_route=\/wp\/v2\/posts\/37620\/revisions\/37622"}],"wp:featuredmedia":[{"embeddable":true,"href":"https:\/\/tacuarembo.gub.uy\/index.php?rest_route=\/wp\/v2\/media\/37621"}],"wp:attachment":[{"href":"https:\/\/tacuarembo.gub.uy\/index.php?rest_route=%2Fwp%2Fv2%2Fmedia&parent=37620"}],"wp:term":[{"taxonomy":"category","embeddable":true,"href":"https:\/\/tacuarembo.gub.uy\/index.php?rest_route=%2Fwp%2Fv2%2Fcategories&post=37620"},{"taxonomy":"post_tag","embeddable":true,"href":"https:\/\/tacuarembo.gub.uy\/index.php?rest_route=%2Fwp%2Fv2%2Ftags&post=37620"}],"curies":[{"name":"wp","href":"https:\/\/api.w.org\/{rel}","templated":true}]}}