{"id":37614,"date":"2026-09-02T16:10:25","date_gmt":"2026-09-02T19:10:25","guid":{"rendered":"https:\/\/tacuarembo.gub.uy\/?p=37614"},"modified":"2026-09-02T16:10:28","modified_gmt":"2026-09-02T19:10:28","slug":"emprendedores-jovenes","status":"publish","type":"post","link":"https:\/\/tacuarembo.gub.uy\/?p=37614","title":{"rendered":"Emprendedores j\u00f3venes"},"content":{"rendered":"\n<p class=\"wp-block-paragraph\"><br>La Intendencia de Tacuaremb\u00f3, Dir. de Juventud informa a los Emprendedores J\u00f3venes que para impulsar tus ideas y potenciar tu futuro, el martes 8 de setiembre dar\u00e1 comienzo mentor\u00edas grupales te\u00f3ricas y pr\u00e1cticas, planificaci\u00f3n y planes de acciones para el \u00e9xito de emprendimientos, las inscripciones y asesoramientos en la Direcci\u00f3n de Juventud (anexo de la Intendencia), cupos limitados, celular 091989928 o tel.46324671 int. 282, destacando que los cupos son limitados.<\/p>\n","protected":false},"excerpt":{"rendered":"<p>La Intendencia de Tacuaremb\u00f3, Dir. de Juventud informa a los Emprendedores J\u00f3venes que para impulsar tus ideas y potenciar tu futuro, el martes 8 de setiembre dar\u00e1 comienzo mentor\u00edas grupales te\u00f3ricas y pr\u00e1cticas, planificaci\u00f3n y planes de acciones para el \u00e9xito de emprendimientos<\/p>\n","protected":false},"author":3,"featured_media":37615,"comment_status":"closed","ping_status":"closed","sticky":false,"template":"","format":"standard","meta":{"_eb_attr":"","footnotes":""},"categories":[38],"tags":[],"class_list":["post-37614","post","type-post","status-publish","format-standard","has-post-thumbnail","category-comunicados-de-prensa"],"_links":{"self":[{"href":"https:\/\/tacuarembo.gub.uy\/index.php?rest_route=\/wp\/v2\/posts\/37614","targetHints":{"allow":["GET"]}}],"collection":[{"href":"https:\/\/tacuarembo.gub.uy\/index.php?rest_route=\/wp\/v2\/posts"}],"about":[{"href":"https:\/\/tacuarembo.gub.uy\/index.php?rest_route=\/wp\/v2\/types\/post"}],"author":[{"embeddable":true,"href":"https:\/\/tacuarembo.gub.uy\/index.php?rest_route=\/wp\/v2\/users\/3"}],"replies":[{"embeddable":true,"href":"https:\/\/tacuarembo.gub.uy\/index.php?rest_route=%2Fwp%2Fv2%2Fcomments&post=37614"}],"version-history":[{"count":1,"href":"https:\/\/tacuarembo.gub.uy\/index.php?rest_route=\/wp\/v2\/posts\/37614\/revisions"}],"predecessor-version":[{"id":37616,"href":"https:\/\/tacuarembo.gub.uy\/index.php?rest_route=\/wp\/v2\/posts\/37614\/revisions\/37616"}],"wp:featuredmedia":[{"embeddable":true,"href":"https:\/\/tacuarembo.gub.uy\/index.php?rest_route=\/wp\/v2\/media\/37615"}],"wp:attachment":[{"href":"https:\/\/tacuarembo.gub.uy\/index.php?rest_route=%2Fwp%2Fv2%2Fmedia&parent=37614"}],"wp:term":[{"taxonomy":"category","embeddable":true,"href":"https:\/\/tacuarembo.gub.uy\/index.php?rest_route=%2Fwp%2Fv2%2Fcategories&post=37614"},{"taxonomy":"post_tag","embeddable":true,"href":"https:\/\/tacuarembo.gub.uy\/index.php?rest_route=%2Fwp%2Fv2%2Ftags&post=37614"}],"curies":[{"name":"wp","href":"https:\/\/api.w.org\/{rel}","templated":true}]}}