{"id":37600,"date":"2026-09-01T14:59:00","date_gmt":"2026-09-01T17:59:00","guid":{"rendered":"https:\/\/tacuarembo.gub.uy\/?p=37600"},"modified":"2026-09-01T14:59:03","modified_gmt":"2026-09-01T17:59:03","slug":"centro-pyme-inauguro-su-nuevo-local-en-tacuarembo","status":"publish","type":"post","link":"https:\/\/tacuarembo.gub.uy\/?p=37600","title":{"rendered":"Centro Pyme inaugur\u00f3 su nuevo local en Tacuaremb\u00f3"},"content":{"rendered":"\n<p class=\"wp-block-paragraph\">Esta ma\u00f1ana qued\u00f3 inaugurado el nuevo local del Centro Pyme, ubicado en 25 de Mayo 255, casi Sarand\u00ed.<\/p>\n\n\n\n<p class=\"wp-block-paragraph\">La Intendencia de Tacuaremb\u00f3 acompa\u00f1\u00f3 esta instancia a trav\u00e9s del director general de Desarrollo y Producci\u00f3n, Santiago Rovira; el director general de Proyectos, Pedro Permanyer; y el director general de Desarrollo Social, Jorge Castelli.<\/p>\n\n\n\n<p class=\"wp-block-paragraph\">Durante la actividad ANDE present\u00f3 las principales herramientas y l\u00edneas de apoyo disponibles para las peque\u00f1as y medianas empresas y emprendedores del departamento, y se reconoci\u00f3 especialmente a la Asociaci\u00f3n Empresarial de Tacuaremb\u00f3 por su permanente respaldo.<\/p>\n\n\n\n<p class=\"wp-block-paragraph\">Este espacio fortalece el acompa\u00f1amiento, la capacitaci\u00f3n y las oportunidades para quienes emprenden y producen en Tacuaremb\u00f3.<\/p>\n\n\n\n<div class=\"wp-block-image-gallery-block-image-gallery-block\"><div class=\"eb-parent-wrapper eb-parent-eb-image-gallery-2pdyf \"><div class=\"eb-gallery-img-wrapper eb-image-gallery-2pdyf grid overlay-bottom caption-style-0   no-isotope \" data-id=\"eb-image-gallery-2pdyf\"><a href=\"https:\/\/tacuarembo.gub.uy\/wp-content\/uploads\/WhatsApp-Image-2026-09-01-at-14.48.182.jpeg\" rel=\"noopener\" data-fslightbox=\"gallery\" data-type=\"image\" class=\"eb-gallery-img-content eb-filter-img-\"><span class=\"eb-gallery-link-wrapper\"><img decoding=\"async\" class=\"eb-gallery-img\" src=\"https:\/\/tacuarembo.gub.uy\/wp-content\/uploads\/WhatsApp-Image-2026-09-01-at-14.48.182.jpeg\" image-index=\"0\" alt=\"\"\/><\/span><\/a><a href=\"https:\/\/tacuarembo.gub.uy\/wp-content\/uploads\/WhatsApp-Image-2026-09-01-at-14.48.181.jpeg\" rel=\"noopener\" data-fslightbox=\"gallery\" data-type=\"image\" class=\"eb-gallery-img-content eb-filter-img-\"><span class=\"eb-gallery-link-wrapper\"><img decoding=\"async\" class=\"eb-gallery-img\" src=\"https:\/\/tacuarembo.gub.uy\/wp-content\/uploads\/WhatsApp-Image-2026-09-01-at-14.48.181.jpeg\" image-index=\"1\" alt=\"\"\/><\/span><\/a><a href=\"https:\/\/tacuarembo.gub.uy\/wp-content\/uploads\/WhatsApp-Image-2026-09-01-at-14.48.18.jpeg\" rel=\"noopener\" data-fslightbox=\"gallery\" data-type=\"image\" class=\"eb-gallery-img-content eb-filter-img-\"><span class=\"eb-gallery-link-wrapper\"><img decoding=\"async\" class=\"eb-gallery-img\" src=\"https:\/\/tacuarembo.gub.uy\/wp-content\/uploads\/WhatsApp-Image-2026-09-01-at-14.48.18.jpeg\" image-index=\"2\" alt=\"\"\/><\/span><\/a><a href=\"https:\/\/tacuarembo.gub.uy\/wp-content\/uploads\/WhatsApp-Image-2026-09-01-at-14.48.174.jpeg\" rel=\"noopener\" data-fslightbox=\"gallery\" data-type=\"image\" class=\"eb-gallery-img-content eb-filter-img-\"><span class=\"eb-gallery-link-wrapper\"><img decoding=\"async\" class=\"eb-gallery-img\" src=\"https:\/\/tacuarembo.gub.uy\/wp-content\/uploads\/WhatsApp-Image-2026-09-01-at-14.48.174.jpeg\" image-index=\"3\" alt=\"\"\/><\/span><\/a><a href=\"https:\/\/tacuarembo.gub.uy\/wp-content\/uploads\/WhatsApp-Image-2026-09-01-at-14.48.173.jpeg\" rel=\"noopener\" data-fslightbox=\"gallery\" data-type=\"image\" class=\"eb-gallery-img-content eb-filter-img-\"><span class=\"eb-gallery-link-wrapper\"><img decoding=\"async\" class=\"eb-gallery-img\" src=\"https:\/\/tacuarembo.gub.uy\/wp-content\/uploads\/WhatsApp-Image-2026-09-01-at-14.48.173.jpeg\" image-index=\"4\" alt=\"\"\/><\/span><\/a><a href=\"https:\/\/tacuarembo.gub.uy\/wp-content\/uploads\/WhatsApp-Image-2026-09-01-at-14.48.172.jpeg\" rel=\"noopener\" data-fslightbox=\"gallery\" data-type=\"image\" class=\"eb-gallery-img-content eb-filter-img-\"><span class=\"eb-gallery-link-wrapper\"><img decoding=\"async\" class=\"eb-gallery-img\" src=\"https:\/\/tacuarembo.gub.uy\/wp-content\/uploads\/WhatsApp-Image-2026-09-01-at-14.48.172.jpeg\" image-index=\"5\" alt=\"\"\/><\/span><\/a><a href=\"https:\/\/tacuarembo.gub.uy\/wp-content\/uploads\/WhatsApp-Image-2026-09-01-at-14.48.171.jpeg\" rel=\"noopener\" data-fslightbox=\"gallery\" data-type=\"image\" class=\"eb-gallery-img-content eb-filter-img-\"><span class=\"eb-gallery-link-wrapper\"><img decoding=\"async\" class=\"eb-gallery-img\" src=\"https:\/\/tacuarembo.gub.uy\/wp-content\/uploads\/WhatsApp-Image-2026-09-01-at-14.48.171.jpeg\" image-index=\"6\" alt=\"\"\/><\/span><\/a><a href=\"https:\/\/tacuarembo.gub.uy\/wp-content\/uploads\/WhatsApp-Image-2026-09-01-at-14.48.17.jpeg\" rel=\"noopener\" data-fslightbox=\"gallery\" data-type=\"image\" class=\"eb-gallery-img-content eb-filter-img-\"><span class=\"eb-gallery-link-wrapper\"><img decoding=\"async\" class=\"eb-gallery-img\" src=\"https:\/\/tacuarembo.gub.uy\/wp-content\/uploads\/WhatsApp-Image-2026-09-01-at-14.48.17.jpeg\" image-index=\"7\" alt=\"\"\/><\/span><\/a><\/div><\/div><\/div>\n","protected":false},"excerpt":{"rendered":"<p>La Intendencia de Tacuaremb\u00f3 acompa\u00f1\u00f3 esta instancia a trav\u00e9s del director general de Desarrollo y Producci\u00f3n, Santiago Rovira; el director general de Proyectos, Pedro Permanyer; y el director general de Desarrollo Social, Jorge Castelli<\/p>\n","protected":false},"author":3,"featured_media":37601,"comment_status":"closed","ping_status":"closed","sticky":false,"template":"","format":"standard","meta":{"_eb_attr":"","footnotes":""},"categories":[16],"tags":[],"class_list":["post-37600","post","type-post","status-publish","format-standard","has-post-thumbnail","category-noticias"],"_links":{"self":[{"href":"https:\/\/tacuarembo.gub.uy\/index.php?rest_route=\/wp\/v2\/posts\/37600","targetHints":{"allow":["GET"]}}],"collection":[{"href":"https:\/\/tacuarembo.gub.uy\/index.php?rest_route=\/wp\/v2\/posts"}],"about":[{"href":"https:\/\/tacuarembo.gub.uy\/index.php?rest_route=\/wp\/v2\/types\/post"}],"author":[{"embeddable":true,"href":"https:\/\/tacuarembo.gub.uy\/index.php?rest_route=\/wp\/v2\/users\/3"}],"replies":[{"embeddable":true,"href":"https:\/\/tacuarembo.gub.uy\/index.php?rest_route=%2Fwp%2Fv2%2Fcomments&post=37600"}],"version-history":[{"count":1,"href":"https:\/\/tacuarembo.gub.uy\/index.php?rest_route=\/wp\/v2\/posts\/37600\/revisions"}],"predecessor-version":[{"id":37609,"href":"https:\/\/tacuarembo.gub.uy\/index.php?rest_route=\/wp\/v2\/posts\/37600\/revisions\/37609"}],"wp:featuredmedia":[{"embeddable":true,"href":"https:\/\/tacuarembo.gub.uy\/index.php?rest_route=\/wp\/v2\/media\/37601"}],"wp:attachment":[{"href":"https:\/\/tacuarembo.gub.uy\/index.php?rest_route=%2Fwp%2Fv2%2Fmedia&parent=37600"}],"wp:term":[{"taxonomy":"category","embeddable":true,"href":"https:\/\/tacuarembo.gub.uy\/index.php?rest_route=%2Fwp%2Fv2%2Fcategories&post=37600"},{"taxonomy":"post_tag","embeddable":true,"href":"https:\/\/tacuarembo.gub.uy\/index.php?rest_route=%2Fwp%2Fv2%2Ftags&post=37600"}],"curies":[{"name":"wp","href":"https:\/\/api.w.org\/{rel}","templated":true}]}}