{"id":3726,"date":"2019-07-29T21:55:35","date_gmt":"2019-07-29T21:55:35","guid":{"rendered":"https:\/\/tacuarembo.gub.uy\/?p=3726"},"modified":"2019-07-29T21:55:35","modified_gmt":"2019-07-29T21:55:35","slug":"desfile-25-de-agosto","status":"publish","type":"post","link":"https:\/\/tacuarembo.gub.uy\/?p=3726","title":{"rendered":"Desfile 25 de Agosto"},"content":{"rendered":"\n<p><\/p>\n\n\n\n<p>Comisi\u00f3n\nPatri\u00f3tica informa a todos los interesados en general, que se comenz\u00f3 a recibir\nlas inscripciones, de lunes a viernes en horario de 15:00 a 18:00 horas, para\nintegrar el desfile del 25 de Agosto pr\u00f3ximo; para lo cual deben concurrir a la\noficina de la Dir. de Prensa y RR.PP. de la Intendencia, debiendo presentar\nnecesariamente una rese\u00f1a de la instituci\u00f3n a la cual representen, venciendo la\ninscripci\u00f3n el viernes 16 de agosto inclusive.<\/p>\n","protected":false},"excerpt":{"rendered":"<p>Comisi\u00f3n Patri\u00f3tica informa a todos los interesados en general, que se comenz\u00f3 a recibir las inscripciones, de lunes a viernes en horario de 15:00 a 18:00 horas, para integrar el desfile del 25 de Agosto pr\u00f3ximo; para lo cual deben concurrir a la oficina de la Dir. de Prensa y RR.PP. de la Intendencia, debiendo presentar necesariamente una rese\u00f1a de la instituci\u00f3n a la cual representen, venciendo la inscripci\u00f3n el viernes 16 de agosto inclusive.<\/p>\n","protected":false},"author":3,"featured_media":3727,"comment_status":"open","ping_status":"open","sticky":false,"template":"","format":"standard","meta":{"_eb_attr":"","footnotes":""},"categories":[16],"tags":[],"class_list":{"0":"post-3726","1":"post","2":"type-post","3":"status-publish","4":"format-standard","5":"has-post-thumbnail","7":"category-noticias"},"_links":{"self":[{"href":"https:\/\/tacuarembo.gub.uy\/index.php?rest_route=\/wp\/v2\/posts\/3726","targetHints":{"allow":["GET"]}}],"collection":[{"href":"https:\/\/tacuarembo.gub.uy\/index.php?rest_route=\/wp\/v2\/posts"}],"about":[{"href":"https:\/\/tacuarembo.gub.uy\/index.php?rest_route=\/wp\/v2\/types\/post"}],"author":[{"embeddable":true,"href":"https:\/\/tacuarembo.gub.uy\/index.php?rest_route=\/wp\/v2\/users\/3"}],"replies":[{"embeddable":true,"href":"https:\/\/tacuarembo.gub.uy\/index.php?rest_route=%2Fwp%2Fv2%2Fcomments&post=3726"}],"version-history":[{"count":1,"href":"https:\/\/tacuarembo.gub.uy\/index.php?rest_route=\/wp\/v2\/posts\/3726\/revisions"}],"predecessor-version":[{"id":3728,"href":"https:\/\/tacuarembo.gub.uy\/index.php?rest_route=\/wp\/v2\/posts\/3726\/revisions\/3728"}],"wp:featuredmedia":[{"embeddable":true,"href":"https:\/\/tacuarembo.gub.uy\/index.php?rest_route=\/wp\/v2\/media\/3727"}],"wp:attachment":[{"href":"https:\/\/tacuarembo.gub.uy\/index.php?rest_route=%2Fwp%2Fv2%2Fmedia&parent=3726"}],"wp:term":[{"taxonomy":"category","embeddable":true,"href":"https:\/\/tacuarembo.gub.uy\/index.php?rest_route=%2Fwp%2Fv2%2Fcategories&post=3726"},{"taxonomy":"post_tag","embeddable":true,"href":"https:\/\/tacuarembo.gub.uy\/index.php?rest_route=%2Fwp%2Fv2%2Ftags&post=3726"}],"curies":[{"name":"wp","href":"https:\/\/api.w.org\/{rel}","templated":true}]}}