{"id":3697,"date":"2019-07-27T00:35:36","date_gmt":"2019-07-27T00:35:36","guid":{"rendered":"https:\/\/tacuarembo.gub.uy\/?p=3697"},"modified":"2019-07-27T00:35:36","modified_gmt":"2019-07-27T00:35:36","slug":"tomas-el-pato-cuadro-walter-bique-y-cacho-marquez-recibiran-el-premio-excelencia-ciudadana","status":"publish","type":"post","link":"https:\/\/tacuarembo.gub.uy\/?p=3697","title":{"rendered":"Tom\u00e1s \u201cEl Pato\u201d Cuadro, Walter Bique y Cacho M\u00e1rquez recibir\u00e1n el premio Excelencia Ciudadana"},"content":{"rendered":"\n<p>Elegidos por el Intendente Departamental, estas tres personas fueron citadas al despacho por el Dr. Eber Da Rosa para comunicarles la decisi\u00f3n de que en los pr\u00f3ximos d\u00edas deben viajar a Montevideo para recibir esta distinci\u00f3n de car\u00e1cter nacional. Este a\u00f1o la organizaci\u00f3n CELADE, defini\u00f3 un perfil que busca rescatar expresiones del arte que est\u00e1n en cierto riesgo de extinci\u00f3n y Tacuaremb\u00f3 hace un rescate homenajeando a un Payador, un Humorista y un Recitador. Todos reconocemos la labor en nuestro medio de Cacho M\u00e1rquez como payador , recorriendo ruedos criollos en todo el Uruguay pero tambi\u00e9n destac\u00e1ndose a nivel internacional llegando a Argentina, Paraguay, Chile y Brasil, en el caso de Walter Bique adem\u00e1s de su rol period\u00edstico se lo destaca como recitador, recordamos su disco \u201c Bien Gaucho\u201d que hace un rescate de la poes\u00eda gauchesca y en su trayectoria se ha floreados por los escenarios del pa\u00eds, para Tom\u00e1s Cuadro conocido como \u201cel Pato\u201d su talento forma parte de la identidad de Tacuaremb\u00f3 con la cl\u00e1sica pizarra de la Meirelles aportando todos los d\u00edas esa cuota de humor de actualidad y muchas veces tocando temas profundos desde el humor y con las nuevas tecnolog\u00edas m\u00e1s de una vez se hicieron viral esos textos que van de un tema al otro pero con la altura necesaria para expresar pensamientos.<\/p>\n\n\n\n\t\t<style type=\"text\/css\">\n\t\t\t#gallery-1 {\n\t\t\t\tmargin: auto;\n\t\t\t}\n\t\t\t#gallery-1 .gallery-item {\n\t\t\t\tfloat: left;\n\t\t\t\tmargin-top: 10px;\n\t\t\t\ttext-align: center;\n\t\t\t\twidth: 33%;\n\t\t\t}\n\t\t\t#gallery-1 img {\n\t\t\t\tborder: 2px solid #cfcfcf;\n\t\t\t}\n\t\t\t#gallery-1 .gallery-caption {\n\t\t\t\tmargin-left: 0;\n\t\t\t}\n\t\t\t\/* see gallery_shortcode() in wp-includes\/media.php *\/\n\t\t<\/style>\n\t\t<div id='gallery-1' class='gallery galleryid-3697 gallery-columns-3 gallery-size-thumbnail'><dl class='gallery-item'>\n\t\t\t<dt class='gallery-icon landscape'>\n\t\t\t\t<a href='https:\/\/tacuarembo.gub.uy\/wp-content\/uploads\/WhatsApp-Image-2019-07-26-at-18.14.04.jpeg'><img loading=\"lazy\" decoding=\"async\" width=\"200\" height=\"140\" src=\"https:\/\/tacuarembo.gub.uy\/wp-content\/uploads\/WhatsApp-Image-2019-07-26-at-18.14.04-200x140.jpeg\" class=\"attachment-thumbnail size-thumbnail\" alt=\"\" \/><\/a>\n\t\t\t<\/dt><\/dl><dl class='gallery-item'>\n\t\t\t<dt class='gallery-icon landscape'>\n\t\t\t\t<a href='https:\/\/tacuarembo.gub.uy\/wp-content\/uploads\/WhatsApp-Image-2019-07-26-at-18.14.051.jpeg'><img loading=\"lazy\" decoding=\"async\" width=\"200\" height=\"140\" src=\"https:\/\/tacuarembo.gub.uy\/wp-content\/uploads\/WhatsApp-Image-2019-07-26-at-18.14.051-200x140.jpeg\" class=\"attachment-thumbnail size-thumbnail\" alt=\"\" \/><\/a>\n\t\t\t<\/dt><\/dl><dl class='gallery-item'>\n\t\t\t<dt class='gallery-icon landscape'>\n\t\t\t\t<a href='https:\/\/tacuarembo.gub.uy\/wp-content\/uploads\/WhatsApp-Image-2019-07-26-at-18.14.05.jpeg'><img loading=\"lazy\" decoding=\"async\" width=\"200\" height=\"140\" src=\"https:\/\/tacuarembo.gub.uy\/wp-content\/uploads\/WhatsApp-Image-2019-07-26-at-18.14.05-200x140.jpeg\" class=\"attachment-thumbnail size-thumbnail\" alt=\"\" \/><\/a>\n\t\t\t<\/dt><\/dl><br style=\"clear: both\" \/>\n\t\t<\/div>\n","protected":false},"excerpt":{"rendered":"<p>Elegidos por el Intendente Departamental, estas tres personas fueron citadas al despacho por el Dr. Eber Da Rosa para comunicarles la decisi\u00f3n de que en los pr\u00f3ximos d\u00edas deben viajar a Montevideo para recibir esta distinci\u00f3n de car\u00e1cter nacional. <\/p>\n","protected":false},"author":3,"featured_media":3699,"comment_status":"open","ping_status":"open","sticky":false,"template":"","format":"standard","meta":{"_eb_attr":"","footnotes":""},"categories":[16],"tags":[],"class_list":{"0":"post-3697","1":"post","2":"type-post","3":"status-publish","4":"format-standard","5":"has-post-thumbnail","7":"category-noticias"},"_links":{"self":[{"href":"https:\/\/tacuarembo.gub.uy\/index.php?rest_route=\/wp\/v2\/posts\/3697","targetHints":{"allow":["GET"]}}],"collection":[{"href":"https:\/\/tacuarembo.gub.uy\/index.php?rest_route=\/wp\/v2\/posts"}],"about":[{"href":"https:\/\/tacuarembo.gub.uy\/index.php?rest_route=\/wp\/v2\/types\/post"}],"author":[{"embeddable":true,"href":"https:\/\/tacuarembo.gub.uy\/index.php?rest_route=\/wp\/v2\/users\/3"}],"replies":[{"embeddable":true,"href":"https:\/\/tacuarembo.gub.uy\/index.php?rest_route=%2Fwp%2Fv2%2Fcomments&post=3697"}],"version-history":[{"count":1,"href":"https:\/\/tacuarembo.gub.uy\/index.php?rest_route=\/wp\/v2\/posts\/3697\/revisions"}],"predecessor-version":[{"id":3701,"href":"https:\/\/tacuarembo.gub.uy\/index.php?rest_route=\/wp\/v2\/posts\/3697\/revisions\/3701"}],"wp:featuredmedia":[{"embeddable":true,"href":"https:\/\/tacuarembo.gub.uy\/index.php?rest_route=\/wp\/v2\/media\/3699"}],"wp:attachment":[{"href":"https:\/\/tacuarembo.gub.uy\/index.php?rest_route=%2Fwp%2Fv2%2Fmedia&parent=3697"}],"wp:term":[{"taxonomy":"category","embeddable":true,"href":"https:\/\/tacuarembo.gub.uy\/index.php?rest_route=%2Fwp%2Fv2%2Fcategories&post=3697"},{"taxonomy":"post_tag","embeddable":true,"href":"https:\/\/tacuarembo.gub.uy\/index.php?rest_route=%2Fwp%2Fv2%2Ftags&post=3697"}],"curies":[{"name":"wp","href":"https:\/\/api.w.org\/{rel}","templated":true}]}}