{"id":3684,"date":"2019-07-24T23:21:55","date_gmt":"2019-07-24T23:21:55","guid":{"rendered":"https:\/\/tacuarembo.gub.uy\/?p=3684"},"modified":"2019-07-24T23:22:32","modified_gmt":"2019-07-24T23:22:32","slug":"novedades-en-terminal-de-omnibus","status":"publish","type":"post","link":"https:\/\/tacuarembo.gub.uy\/?p=3684","title":{"rendered":"Novedades en Terminal de \u00d3mnibus"},"content":{"rendered":"\n<p>La Dir.Gral. de\nProdema a trav\u00e9s de su programa MIPESTAC, ma\u00f1ana jueves 25 de julio a la hora\n11:00 realizar\u00e1 la presentaci\u00f3n de un nuevo servicio para los viajeros: un\nlocal para guarda equipajes el que brindar\u00e1 una facilidad para los viajeros que\ndeben en algunas oportunidades esperar alg\u00fan tiempo para la partida de su\nviaje, en la oportunidad estar\u00e1 presente el Se\u00f1or Sec.Gral. Dr. Jos\u00e9 Omar\nMen\u00e9ndez Balsemao.<\/p>\n","protected":false},"excerpt":{"rendered":"<p>La Dir.Gral. de Prodema a trav\u00e9s de su programa MIPESTAC, ma\u00f1ana jueves 25 de julio a la hora 11:00 realizar\u00e1 la presentaci\u00f3n de un nuevo servicio para los viajeros: un local para guarda equipajes el que brindar\u00e1 una facilidad para los viajeros que deben en algunas oportunidades esperar alg\u00fan tiempo para la partida de su viaje, en la oportunidad estar\u00e1 presente el Se\u00f1or Sec.Gral. Dr. Jos\u00e9 Omar Men\u00e9ndez Balsemao.<\/p>\n","protected":false},"author":3,"featured_media":3687,"comment_status":"open","ping_status":"open","sticky":false,"template":"","format":"standard","meta":{"_eb_attr":"","footnotes":""},"categories":[16],"tags":[],"class_list":{"0":"post-3684","1":"post","2":"type-post","3":"status-publish","4":"format-standard","5":"has-post-thumbnail","7":"category-noticias"},"_links":{"self":[{"href":"https:\/\/tacuarembo.gub.uy\/index.php?rest_route=\/wp\/v2\/posts\/3684","targetHints":{"allow":["GET"]}}],"collection":[{"href":"https:\/\/tacuarembo.gub.uy\/index.php?rest_route=\/wp\/v2\/posts"}],"about":[{"href":"https:\/\/tacuarembo.gub.uy\/index.php?rest_route=\/wp\/v2\/types\/post"}],"author":[{"embeddable":true,"href":"https:\/\/tacuarembo.gub.uy\/index.php?rest_route=\/wp\/v2\/users\/3"}],"replies":[{"embeddable":true,"href":"https:\/\/tacuarembo.gub.uy\/index.php?rest_route=%2Fwp%2Fv2%2Fcomments&post=3684"}],"version-history":[{"count":1,"href":"https:\/\/tacuarembo.gub.uy\/index.php?rest_route=\/wp\/v2\/posts\/3684\/revisions"}],"predecessor-version":[{"id":3686,"href":"https:\/\/tacuarembo.gub.uy\/index.php?rest_route=\/wp\/v2\/posts\/3684\/revisions\/3686"}],"wp:featuredmedia":[{"embeddable":true,"href":"https:\/\/tacuarembo.gub.uy\/index.php?rest_route=\/wp\/v2\/media\/3687"}],"wp:attachment":[{"href":"https:\/\/tacuarembo.gub.uy\/index.php?rest_route=%2Fwp%2Fv2%2Fmedia&parent=3684"}],"wp:term":[{"taxonomy":"category","embeddable":true,"href":"https:\/\/tacuarembo.gub.uy\/index.php?rest_route=%2Fwp%2Fv2%2Fcategories&post=3684"},{"taxonomy":"post_tag","embeddable":true,"href":"https:\/\/tacuarembo.gub.uy\/index.php?rest_route=%2Fwp%2Fv2%2Ftags&post=3684"}],"curies":[{"name":"wp","href":"https:\/\/api.w.org\/{rel}","templated":true}]}}