{"id":3654,"date":"2019-07-22T23:52:49","date_gmt":"2019-07-22T23:52:49","guid":{"rendered":"https:\/\/tacuarembo.gub.uy\/?p=3654"},"modified":"2019-07-22T23:52:49","modified_gmt":"2019-07-22T23:52:49","slug":"caos-al-sur-y-otras-cuestiones","status":"publish","type":"post","link":"https:\/\/tacuarembo.gub.uy\/?p=3654","title":{"rendered":"\u201cCaos, al Sur y otras cuestiones\u201d"},"content":{"rendered":"\n<p>La\nIntendencia de Tacuaremb\u00f3 informa que el pr\u00f3ximo jueves 25 de julio a la hora\n19:00, en Museo de Artes Pl\u00e1sticas de Tacuaremb\u00f3 se inaugurar\u00e1 la exposici\u00f3n\ntemporal \u201cCaos, al Sur y otras cuestiones\u201d, en homenaje al te\u00f3rico de arte\nAlfredo Torres, con obras del artista pl\u00e1stico Prof. Fernando Stevenazzi.<\/p>\n","protected":false},"excerpt":{"rendered":"<p>La Intendencia de Tacuaremb\u00f3 informa que el pr\u00f3ximo jueves 25 de julio a la hora 19:00, en Museo de Artes Pl\u00e1sticas de Tacuaremb\u00f3 se inaugurar\u00e1 la exposici\u00f3n temporal \u201cCaos, al Sur y otras cuestiones\u201d, en homenaje al te\u00f3rico de arte Alfredo Torres, con obras del artista pl\u00e1stico Prof. Fernando Stevenazzi.<\/p>\n","protected":false},"author":3,"featured_media":3655,"comment_status":"open","ping_status":"open","sticky":false,"template":"","format":"standard","meta":{"_eb_attr":"","footnotes":""},"categories":[16],"tags":[],"class_list":{"0":"post-3654","1":"post","2":"type-post","3":"status-publish","4":"format-standard","5":"has-post-thumbnail","7":"category-noticias"},"_links":{"self":[{"href":"https:\/\/tacuarembo.gub.uy\/index.php?rest_route=\/wp\/v2\/posts\/3654","targetHints":{"allow":["GET"]}}],"collection":[{"href":"https:\/\/tacuarembo.gub.uy\/index.php?rest_route=\/wp\/v2\/posts"}],"about":[{"href":"https:\/\/tacuarembo.gub.uy\/index.php?rest_route=\/wp\/v2\/types\/post"}],"author":[{"embeddable":true,"href":"https:\/\/tacuarembo.gub.uy\/index.php?rest_route=\/wp\/v2\/users\/3"}],"replies":[{"embeddable":true,"href":"https:\/\/tacuarembo.gub.uy\/index.php?rest_route=%2Fwp%2Fv2%2Fcomments&post=3654"}],"version-history":[{"count":1,"href":"https:\/\/tacuarembo.gub.uy\/index.php?rest_route=\/wp\/v2\/posts\/3654\/revisions"}],"predecessor-version":[{"id":3656,"href":"https:\/\/tacuarembo.gub.uy\/index.php?rest_route=\/wp\/v2\/posts\/3654\/revisions\/3656"}],"wp:featuredmedia":[{"embeddable":true,"href":"https:\/\/tacuarembo.gub.uy\/index.php?rest_route=\/wp\/v2\/media\/3655"}],"wp:attachment":[{"href":"https:\/\/tacuarembo.gub.uy\/index.php?rest_route=%2Fwp%2Fv2%2Fmedia&parent=3654"}],"wp:term":[{"taxonomy":"category","embeddable":true,"href":"https:\/\/tacuarembo.gub.uy\/index.php?rest_route=%2Fwp%2Fv2%2Fcategories&post=3654"},{"taxonomy":"post_tag","embeddable":true,"href":"https:\/\/tacuarembo.gub.uy\/index.php?rest_route=%2Fwp%2Fv2%2Ftags&post=3654"}],"curies":[{"name":"wp","href":"https:\/\/api.w.org\/{rel}","templated":true}]}}