{"id":3641,"date":"2019-07-20T00:42:04","date_gmt":"2019-07-20T00:42:04","guid":{"rendered":"https:\/\/tacuarembo.gub.uy\/?p=3641"},"modified":"2019-08-05T19:57:24","modified_gmt":"2019-08-05T19:57:24","slug":"mision-completa","status":"publish","type":"post","link":"https:\/\/tacuarembo.gub.uy\/?p=3641","title":{"rendered":"Misi\u00f3n cumplida"},"content":{"rendered":"\n<p>El Dr. Jos\u00e9 Omar Men\u00e9ndez ejerci\u00f3 de forma interina el cargo de Intendente mientras dur\u00f3 la licencia anual reglamentaria votada por la JDT del titular Dr. Eber Da Rosa. Durante el periodo particip\u00f3 entre otras actividades de la presentaci\u00f3n del Proyecto de restauraci\u00f3n del Teatro Escayola, de la firma para el realojo de 31 familias de Barrio Los Molles, recorri\u00f3 las obras de camineria rural, el inicio de los trabajos en la Aveniida Torres Medeiros, entreg\u00f3 un tractor con zorra y pastera para la junta de Paso del Cerro, visit\u00f3 San Gregorio de Polanco realizando una recorrida por obras junto al alcalde, supervisando tambi\u00e9n las tareas de poda de pl\u00e1tanos y trozado de especies en peligro de ca\u00edda sobre el Hotel Los M\u00e9danos y parador, asisti\u00f3 al Congreso Nacional de Intendentes que se desarroll\u00f3 en Colonia y encabez\u00f3 el acto recordatorio de la Jura de la Constituci\u00f3n.<\/p>\n","protected":false},"excerpt":{"rendered":"<p>El Dr. Jos\u00e9 Omar Men\u00e9ndez ejerci\u00f3 de forma interina el cargo de Intendente mientras dur\u00f3 la licencia anual reglamentaria votada por la JDT del titular Dr. Eber Da Rosa. <\/p>\n","protected":false},"author":3,"featured_media":3642,"comment_status":"open","ping_status":"open","sticky":false,"template":"","format":"standard","meta":{"_eb_attr":"","footnotes":""},"categories":[16],"tags":[],"class_list":{"0":"post-3641","1":"post","2":"type-post","3":"status-publish","4":"format-standard","5":"has-post-thumbnail","7":"category-noticias"},"_links":{"self":[{"href":"https:\/\/tacuarembo.gub.uy\/index.php?rest_route=\/wp\/v2\/posts\/3641","targetHints":{"allow":["GET"]}}],"collection":[{"href":"https:\/\/tacuarembo.gub.uy\/index.php?rest_route=\/wp\/v2\/posts"}],"about":[{"href":"https:\/\/tacuarembo.gub.uy\/index.php?rest_route=\/wp\/v2\/types\/post"}],"author":[{"embeddable":true,"href":"https:\/\/tacuarembo.gub.uy\/index.php?rest_route=\/wp\/v2\/users\/3"}],"replies":[{"embeddable":true,"href":"https:\/\/tacuarembo.gub.uy\/index.php?rest_route=%2Fwp%2Fv2%2Fcomments&post=3641"}],"version-history":[{"count":2,"href":"https:\/\/tacuarembo.gub.uy\/index.php?rest_route=\/wp\/v2\/posts\/3641\/revisions"}],"predecessor-version":[{"id":3644,"href":"https:\/\/tacuarembo.gub.uy\/index.php?rest_route=\/wp\/v2\/posts\/3641\/revisions\/3644"}],"wp:featuredmedia":[{"embeddable":true,"href":"https:\/\/tacuarembo.gub.uy\/index.php?rest_route=\/wp\/v2\/media\/3642"}],"wp:attachment":[{"href":"https:\/\/tacuarembo.gub.uy\/index.php?rest_route=%2Fwp%2Fv2%2Fmedia&parent=3641"}],"wp:term":[{"taxonomy":"category","embeddable":true,"href":"https:\/\/tacuarembo.gub.uy\/index.php?rest_route=%2Fwp%2Fv2%2Fcategories&post=3641"},{"taxonomy":"post_tag","embeddable":true,"href":"https:\/\/tacuarembo.gub.uy\/index.php?rest_route=%2Fwp%2Fv2%2Ftags&post=3641"}],"curies":[{"name":"wp","href":"https:\/\/api.w.org\/{rel}","templated":true}]}}