{"id":35993,"date":"2026-04-29T19:45:20","date_gmt":"2026-04-29T22:45:20","guid":{"rendered":"https:\/\/tacuarembo.gub.uy\/?p=35993"},"modified":"2026-04-29T19:45:22","modified_gmt":"2026-04-29T22:45:22","slug":"tacuarembo-recibio-con-alegria-al-atleta-bruno-nunez","status":"publish","type":"post","link":"https:\/\/tacuarembo.gub.uy\/?p=35993","title":{"rendered":"Tacuaremb\u00f3 recibi\u00f3 con alegr\u00eda al atleta Bruno N\u00fa\u00f1ez"},"content":{"rendered":"\n<p><\/p>\n\n\n\n<p>Con una alegre caravana y entrega de una Placa conmemorativa por parte del intendente Wilson Ezquerra lleg\u00f3 a su tierra el j\u00f3ven medallista de los Juegos ODESUR Panam\u00e1 2026.<\/p>\n\n\n\n<p>Tacuaremb\u00f3 vivi\u00f3 un d\u00eda hist\u00f3rico este lunes 27 de abril al recibir al atleta Bruno N\u00fa\u00f1ez, quien retorn\u00f3 a su departamento tras una participaci\u00f3n en los Juegos ODESUR Panam\u00e1 2026, donde obtuvo las medallas de plata y bronce. El evento cont\u00f3 con una alegre caravana que recorri\u00f3 las principales calles de la ciudad, reflejando el orgullo y reconocimiento hacia su deportista.<\/p>\n\n\n\n<p>Acto Oficial de Reconocimiento<\/p>\n\n\n\n<p>En un acto oficial presidido por el intendente Wilson Ezquerra y su equipo de gobierno, se procedi\u00f3 a la entrega de una placa conmemorativa que reconoce los logros alcanzados por N\u00fa\u00f1ez en la competencia internacional. La placa expresa el sentimiento colectivo de admiraci\u00f3n y apoyo hacia el atleta. El documento entregado destaca que \u00abla Intendencia de Tacuaremb\u00f3 reconoce y felicita al atleta Bruno N\u00fa\u00f1ez por la obtenci\u00f3n de las medallas de plata y bronce en los Juegos ODESUR Panam\u00e1 2026. \u00bb Su desempe\u00f1o deportivo inspira y es orgullo departamental\u00bb.<\/p>\n\n\n\n<p>Un Legado de Excelencia<\/p>\n\n\n\n<p>El desempe\u00f1o de Bruno N\u00fa\u00f1ez en los Juegos ODESUR Panam\u00e1 2026 representa un hito significativo para el deporte departamental. Su participaci\u00f3n no solo enaltece el nombre de Tacuaremb\u00f3 a nivel nacional e internacional, sino que tambi\u00e9n constituye un ejemplo inspirador para las nuevas generaciones de deportistas de la regi\u00f3n.<\/p>\n\n\n\n<div class=\"wp-block-image-gallery-block-image-gallery-block\"><div class=\"eb-parent-wrapper eb-parent-eb-image-gallery-0ux3y \"><div class=\"eb-gallery-img-wrapper eb-image-gallery-0ux3y grid overlay-bottom caption-style-0   no-isotope \" data-id=\"eb-image-gallery-0ux3y\"><a href=\"https:\/\/tacuarembo.gub.uy\/wp-content\/uploads\/1000083281.jpg\" rel=\"noopener\" data-fslightbox=\"gallery\" data-type=\"image\" class=\"eb-gallery-img-content eb-filter-img-\"><span class=\"eb-gallery-link-wrapper\"><img decoding=\"async\" class=\"eb-gallery-img\" src=\"https:\/\/tacuarembo.gub.uy\/wp-content\/uploads\/1000083281.jpg\" image-index=\"0\" alt=\"\"\/><\/span><\/a><a href=\"https:\/\/tacuarembo.gub.uy\/wp-content\/uploads\/1000083282.jpg\" rel=\"noopener\" data-fslightbox=\"gallery\" data-type=\"image\" class=\"eb-gallery-img-content eb-filter-img-\"><span class=\"eb-gallery-link-wrapper\"><img decoding=\"async\" class=\"eb-gallery-img\" src=\"https:\/\/tacuarembo.gub.uy\/wp-content\/uploads\/1000083282.jpg\" image-index=\"1\" alt=\"\"\/><\/span><\/a><a href=\"https:\/\/tacuarembo.gub.uy\/wp-content\/uploads\/1000083280.jpg\" rel=\"noopener\" data-fslightbox=\"gallery\" data-type=\"image\" class=\"eb-gallery-img-content eb-filter-img-\"><span class=\"eb-gallery-link-wrapper\"><img decoding=\"async\" class=\"eb-gallery-img\" src=\"https:\/\/tacuarembo.gub.uy\/wp-content\/uploads\/1000083280.jpg\" image-index=\"2\" alt=\"\"\/><\/span><\/a><a href=\"https:\/\/tacuarembo.gub.uy\/wp-content\/uploads\/1000083279.jpg\" rel=\"noopener\" data-fslightbox=\"gallery\" data-type=\"image\" class=\"eb-gallery-img-content eb-filter-img-\"><span class=\"eb-gallery-link-wrapper\"><img decoding=\"async\" class=\"eb-gallery-img\" src=\"https:\/\/tacuarembo.gub.uy\/wp-content\/uploads\/1000083279.jpg\" image-index=\"3\" alt=\"\"\/><\/span><\/a><a href=\"https:\/\/tacuarembo.gub.uy\/wp-content\/uploads\/1000083278.jpg\" rel=\"noopener\" data-fslightbox=\"gallery\" data-type=\"image\" class=\"eb-gallery-img-content eb-filter-img-\"><span class=\"eb-gallery-link-wrapper\"><img decoding=\"async\" class=\"eb-gallery-img\" src=\"https:\/\/tacuarembo.gub.uy\/wp-content\/uploads\/1000083278.jpg\" image-index=\"4\" alt=\"\"\/><\/span><\/a><a href=\"https:\/\/tacuarembo.gub.uy\/wp-content\/uploads\/1000083277.jpg\" rel=\"noopener\" data-fslightbox=\"gallery\" data-type=\"image\" class=\"eb-gallery-img-content eb-filter-img-\"><span class=\"eb-gallery-link-wrapper\"><img decoding=\"async\" class=\"eb-gallery-img\" src=\"https:\/\/tacuarembo.gub.uy\/wp-content\/uploads\/1000083277.jpg\" image-index=\"5\" alt=\"\"\/><\/span><\/a><a href=\"https:\/\/tacuarembo.gub.uy\/wp-content\/uploads\/1000083276.jpg\" rel=\"noopener\" data-fslightbox=\"gallery\" data-type=\"image\" class=\"eb-gallery-img-content eb-filter-img-\"><span class=\"eb-gallery-link-wrapper\"><img decoding=\"async\" class=\"eb-gallery-img\" src=\"https:\/\/tacuarembo.gub.uy\/wp-content\/uploads\/1000083276.jpg\" image-index=\"6\" alt=\"\"\/><\/span><\/a><a href=\"https:\/\/tacuarembo.gub.uy\/wp-content\/uploads\/1000083275.jpg\" rel=\"noopener\" data-fslightbox=\"gallery\" data-type=\"image\" class=\"eb-gallery-img-content eb-filter-img-\"><span class=\"eb-gallery-link-wrapper\"><img decoding=\"async\" class=\"eb-gallery-img\" src=\"https:\/\/tacuarembo.gub.uy\/wp-content\/uploads\/1000083275.jpg\" image-index=\"7\" alt=\"\"\/><\/span><\/a><a href=\"https:\/\/tacuarembo.gub.uy\/wp-content\/uploads\/1000083274.jpg\" rel=\"noopener\" data-fslightbox=\"gallery\" data-type=\"image\" class=\"eb-gallery-img-content eb-filter-img-\"><span class=\"eb-gallery-link-wrapper\"><img decoding=\"async\" class=\"eb-gallery-img\" src=\"https:\/\/tacuarembo.gub.uy\/wp-content\/uploads\/1000083274.jpg\" image-index=\"8\" alt=\"\"\/><\/span><\/a><a href=\"https:\/\/tacuarembo.gub.uy\/wp-content\/uploads\/1000083273.jpg\" rel=\"noopener\" data-fslightbox=\"gallery\" data-type=\"image\" class=\"eb-gallery-img-content eb-filter-img-\"><span class=\"eb-gallery-link-wrapper\"><img decoding=\"async\" class=\"eb-gallery-img\" src=\"https:\/\/tacuarembo.gub.uy\/wp-content\/uploads\/1000083273.jpg\" image-index=\"9\" alt=\"\"\/><\/span><\/a><\/div><\/div><\/div>\n","protected":false},"excerpt":{"rendered":"<p>Con una alegre caravana y entrega de una Placa conmemorativa por parte del intendente Wilson Ezquerra lleg\u00f3 a su tierra el j\u00f3ven medallista de los Juegos ODESUR Panam\u00e1 2026<\/p>\n","protected":false},"author":3,"featured_media":36003,"comment_status":"closed","ping_status":"closed","sticky":false,"template":"","format":"standard","meta":{"_eb_attr":"","footnotes":""},"categories":[16],"tags":[],"class_list":{"0":"post-35993","1":"post","2":"type-post","3":"status-publish","4":"format-standard","5":"has-post-thumbnail","7":"category-noticias"},"_links":{"self":[{"href":"https:\/\/tacuarembo.gub.uy\/index.php?rest_route=\/wp\/v2\/posts\/35993","targetHints":{"allow":["GET"]}}],"collection":[{"href":"https:\/\/tacuarembo.gub.uy\/index.php?rest_route=\/wp\/v2\/posts"}],"about":[{"href":"https:\/\/tacuarembo.gub.uy\/index.php?rest_route=\/wp\/v2\/types\/post"}],"author":[{"embeddable":true,"href":"https:\/\/tacuarembo.gub.uy\/index.php?rest_route=\/wp\/v2\/users\/3"}],"replies":[{"embeddable":true,"href":"https:\/\/tacuarembo.gub.uy\/index.php?rest_route=%2Fwp%2Fv2%2Fcomments&post=35993"}],"version-history":[{"count":1,"href":"https:\/\/tacuarembo.gub.uy\/index.php?rest_route=\/wp\/v2\/posts\/35993\/revisions"}],"predecessor-version":[{"id":36004,"href":"https:\/\/tacuarembo.gub.uy\/index.php?rest_route=\/wp\/v2\/posts\/35993\/revisions\/36004"}],"wp:featuredmedia":[{"embeddable":true,"href":"https:\/\/tacuarembo.gub.uy\/index.php?rest_route=\/wp\/v2\/media\/36003"}],"wp:attachment":[{"href":"https:\/\/tacuarembo.gub.uy\/index.php?rest_route=%2Fwp%2Fv2%2Fmedia&parent=35993"}],"wp:term":[{"taxonomy":"category","embeddable":true,"href":"https:\/\/tacuarembo.gub.uy\/index.php?rest_route=%2Fwp%2Fv2%2Fcategories&post=35993"},{"taxonomy":"post_tag","embeddable":true,"href":"https:\/\/tacuarembo.gub.uy\/index.php?rest_route=%2Fwp%2Fv2%2Ftags&post=35993"}],"curies":[{"name":"wp","href":"https:\/\/api.w.org\/{rel}","templated":true}]}}