{"id":35984,"date":"2026-04-27T17:06:28","date_gmt":"2026-04-27T20:06:28","guid":{"rendered":"https:\/\/tacuarembo.gub.uy\/?p=35984"},"modified":"2026-04-27T17:06:30","modified_gmt":"2026-04-27T20:06:30","slug":"1-de-mayo-no-habra-servicios","status":"publish","type":"post","link":"https:\/\/tacuarembo.gub.uy\/?p=35984","title":{"rendered":"1\u00b0 de mayo no habr\u00e1 servicios"},"content":{"rendered":"\n<p>La Intendencia de Tacuaremb\u00f3 informa a la poblaci\u00f3n que, con motivo del feriado del 1\u00b0 de mayo D\u00eda de los Trabajadores, no habr\u00e1 servicio de Transporte Urbano de Pasajeros ni tampoco Servicio de Recolecci\u00f3n. Por otra parte la Terminal de \u00d3mnibus \u201cCarlos Gardel\u201d, debido a no haber frecuencia por parte de las Empresas de \u00d3mnibus, la misma estar\u00e1 cerrada al p\u00fablico desde la hora 06;00 hasta la hora 20:00<\/p>\n","protected":false},"excerpt":{"rendered":"<p>La Intendencia de Tacuaremb\u00f3 informa a la poblaci\u00f3n que, con motivo del feriado del 1\u00b0 de mayo D\u00eda de los Trabajadores, no habr\u00e1 servicio de Transporte Urbano de Pasajeros ni tampoco Servicio de Recolecci\u00f3n<\/p>\n","protected":false},"author":3,"featured_media":35985,"comment_status":"closed","ping_status":"closed","sticky":false,"template":"","format":"standard","meta":{"_eb_attr":"","footnotes":""},"categories":[38],"tags":[],"class_list":{"0":"post-35984","1":"post","2":"type-post","3":"status-publish","4":"format-standard","5":"has-post-thumbnail","7":"category-comunicados-de-prensa"},"_links":{"self":[{"href":"https:\/\/tacuarembo.gub.uy\/index.php?rest_route=\/wp\/v2\/posts\/35984","targetHints":{"allow":["GET"]}}],"collection":[{"href":"https:\/\/tacuarembo.gub.uy\/index.php?rest_route=\/wp\/v2\/posts"}],"about":[{"href":"https:\/\/tacuarembo.gub.uy\/index.php?rest_route=\/wp\/v2\/types\/post"}],"author":[{"embeddable":true,"href":"https:\/\/tacuarembo.gub.uy\/index.php?rest_route=\/wp\/v2\/users\/3"}],"replies":[{"embeddable":true,"href":"https:\/\/tacuarembo.gub.uy\/index.php?rest_route=%2Fwp%2Fv2%2Fcomments&post=35984"}],"version-history":[{"count":1,"href":"https:\/\/tacuarembo.gub.uy\/index.php?rest_route=\/wp\/v2\/posts\/35984\/revisions"}],"predecessor-version":[{"id":35986,"href":"https:\/\/tacuarembo.gub.uy\/index.php?rest_route=\/wp\/v2\/posts\/35984\/revisions\/35986"}],"wp:featuredmedia":[{"embeddable":true,"href":"https:\/\/tacuarembo.gub.uy\/index.php?rest_route=\/wp\/v2\/media\/35985"}],"wp:attachment":[{"href":"https:\/\/tacuarembo.gub.uy\/index.php?rest_route=%2Fwp%2Fv2%2Fmedia&parent=35984"}],"wp:term":[{"taxonomy":"category","embeddable":true,"href":"https:\/\/tacuarembo.gub.uy\/index.php?rest_route=%2Fwp%2Fv2%2Fcategories&post=35984"},{"taxonomy":"post_tag","embeddable":true,"href":"https:\/\/tacuarembo.gub.uy\/index.php?rest_route=%2Fwp%2Fv2%2Ftags&post=35984"}],"curies":[{"name":"wp","href":"https:\/\/api.w.org\/{rel}","templated":true}]}}